{"id":3161,"date":"2026-04-24T12:13:54","date_gmt":"2026-04-24T10:13:54","guid":{"rendered":"https:\/\/solidarnosctvp.pl\/?p=3161"},"modified":"2026-04-24T12:14:06","modified_gmt":"2026-04-24T10:14:06","slug":"pracownicy-czeskich-mediow-publicznych-oglaszaja-pogotowie-strajkowe","status":"publish","type":"post","link":"https:\/\/solidarnosctvp.pl\/?p=3161","title":{"rendered":"Pracownicy czeskich medi\u00f3w publicznych og\u0142aszaj\u0105 pogotowie strajkowe"},"content":{"rendered":"\n<figure class=\"wp-block-image size-full\"><img loading=\"lazy\" decoding=\"async\" width=\"742\" height=\"495\" src=\"https:\/\/solidarnosctvp.pl\/wp-content\/uploads\/2026\/04\/image-10.png\" alt=\"\" class=\"wp-image-3162\" srcset=\"https:\/\/solidarnosctvp.pl\/wp-content\/uploads\/2026\/04\/image-10.png 742w, https:\/\/solidarnosctvp.pl\/wp-content\/uploads\/2026\/04\/image-10-300x200.png 300w, https:\/\/solidarnosctvp.pl\/wp-content\/uploads\/2026\/04\/image-10-624x416.png 624w\" sizes=\"auto, (max-width: 742px) 100vw, 742px\" \/><\/figure>\n\n\n\n<p>Zwi\u0105zki i zarz\u0105dzaj\u0105cy stacjami uwa\u017caj\u0105, \u017ce nowe zasady mog\u0105 uszczupli\u0107 bud\u017cet Czeskiej Telewizji o ok. 1 mld koron rocznie, a Czeskiego Radia o ok. 400 mln koron (fot. Wikimedia Commons\/VitVit)<\/p>\n\n\n\n<p><strong>Zwi\u0105zki zawodowe w Czeskiej Telewizji&nbsp;(\u010cT) i Czeskim Radiu (\u010cRo) og\u0142osi\u0142y pogotowie strajkowe w zwi\u0105zku z planowan\u0105 przez rz\u0105d reform\u0105 finansowania nadawc\u00f3w publicznych, w tym zniesienia op\u0142aty abonamentowej.<\/strong><\/p>\n\n\n\n<p>Koalicja rz\u0105dz\u0105ca planuje rozpocz\u0105\u0107 stopniowe wycofywanie op\u0142aty abonamentowej w tym roku i ca\u0142kowite zredukowanie finansowania nadawc\u00f3w z bud\u017cetu pa\u0144stwa od przysz\u0142ego roku. Oba te kroki oznacza\u0142yby zmniejszenie finansowania medi\u00f3w pa\u0144stwowych. Pracownicy obawiaj\u0105 si\u0119, \u017ce reforma uczyni media publiczne ca\u0142kowicie zale\u017cnymi od rz\u0105du.<\/p>\n\n\n\n<p>Zuzana Ban\u010dansk\u00e1, wiceprzewodnicz\u0105ca niezale\u017cnych zwi\u0105zk\u00f3w zawodowych w czeskiej telewizji ostrzeg\u0142a, \u017ce planowane zmiany doprowadz\u0105 do masowych zwolnie\u0144, a media nie b\u0119d\u0105 w stanie pe\u0142ni\u0107 swojej misji publicznej.<\/p>\n\n\n\n<p>Zwi\u0105zki i zarz\u0105dzaj\u0105cy stacjami uwa\u017caj\u0105, \u017ce nowe zasady mog\u0105 uszczupli\u0107 bud\u017cet Czeskiej Telewizji o ok. 1 mld koron rocznie, a Czeskiego Radia o ok. 400 mln koron.<\/p>\n\n\n\n<p>Op\u0142aty abonamentowe wzros\u0142y w ubieg\u0142ym roku po raz pierwszy od prawie dw\u00f3ch dekad, osi\u0105gaj\u0105c \u0142\u0105czn\u0105 kwot\u0119 205 koron (ok. 35 z\u0142) miesi\u0119cznie. Premier Andrej Babi\u0161 i jego populistyczna partia ANO zobowi\u0105zali si\u0119 jednak do zniesienia op\u0142at abonamentowych.&nbsp;<\/p>\n\n\n\n<p>Krytycy twierdz\u0105, \u017ce reformy odzwierciedlaj\u0105 kroki w kierunku kontroli politycznej na S\u0142owacji i W\u0119grzech (tych za premiera Viktora Orb\u00e1na, bliskiego europejskiego sojusznika Babi\u0161a w ich grupie Patriots for Europe).                                   <\/p>\n\n\n\n<figure class=\"wp-block-image size-full is-resized\"><img loading=\"lazy\" decoding=\"async\" width=\"746\" height=\"244\" src=\"https:\/\/solidarnosctvp.pl\/wp-content\/uploads\/2026\/04\/image-13.png\" alt=\"\" class=\"wp-image-3165\" style=\"width:840px;height:auto\" srcset=\"https:\/\/solidarnosctvp.pl\/wp-content\/uploads\/2026\/04\/image-13.png 746w, https:\/\/solidarnosctvp.pl\/wp-content\/uploads\/2026\/04\/image-13-300x98.png 300w, https:\/\/solidarnosctvp.pl\/wp-content\/uploads\/2026\/04\/image-13-624x204.png 624w\" sizes=\"auto, (max-width: 746px) 100vw, 746px\" \/><\/figure>\n\n\n\n<p>\u0179R\u00d3D\u0141O <strong>Press.pl<\/strong> :<br><a href=\"https:\/\/www.press.pl\/tresc\/92732,pracownicy-czeskich-mediow-publicznych-oglaszaja-pogotowie-strajkowe\">https:\/\/www.press.pl\/tresc\/92732,pracownicy-czeskich-mediow-publicznych-oglaszaja-pogotowie-strajkowe<\/a><br><\/p>\n","protected":false},"excerpt":{"rendered":"<p>Zwi\u0105zki i zarz\u0105dzaj\u0105cy stacjami uwa\u017caj\u0105, \u017ce nowe zasady mog\u0105 uszczupli\u0107 bud\u017cet Czeskiej Telewizji o ok. 1 mld koron rocznie, a Czeskiego Radia o ok. 400 mln koron (fot. Wikimedia Commons\/VitVit) Zwi\u0105zki zawodowe w Czeskiej Telewizji&nbsp;(\u010cT) i Czeskim Radiu (\u010cRo) og\u0142osi\u0142y pogotowie strajkowe w zwi\u0105zku z planowan\u0105 przez rz\u0105d reform\u0105 finansowania nadawc\u00f3w publicznych, w tym zniesienia [&hellip;]<\/p>\n","protected":false},"author":4,"featured_media":3167,"comment_status":"closed","ping_status":"closed","sticky":false,"template":"","format":"standard","meta":{"footnotes":""},"categories":[2,5,6,7],"tags":[],"class_list":["post-3161","post","type-post","status-publish","format-standard","has-post-thumbnail","hentry","category-aktualnosci","category-glowny-news","category-ostatnio-dodane","category-z-ostatniej-chwili"],"_links":{"self":[{"href":"https:\/\/solidarnosctvp.pl\/index.php?rest_route=\/wp\/v2\/posts\/3161","targetHints":{"allow":["GET"]}}],"collection":[{"href":"https:\/\/solidarnosctvp.pl\/index.php?rest_route=\/wp\/v2\/posts"}],"about":[{"href":"https:\/\/solidarnosctvp.pl\/index.php?rest_route=\/wp\/v2\/types\/post"}],"author":[{"embeddable":true,"href":"https:\/\/solidarnosctvp.pl\/index.php?rest_route=\/wp\/v2\/users\/4"}],"replies":[{"embeddable":true,"href":"https:\/\/solidarnosctvp.pl\/index.php?rest_route=%2Fwp%2Fv2%2Fcomments&post=3161"}],"version-history":[{"count":2,"href":"https:\/\/solidarnosctvp.pl\/index.php?rest_route=\/wp\/v2\/posts\/3161\/revisions"}],"predecessor-version":[{"id":3169,"href":"https:\/\/solidarnosctvp.pl\/index.php?rest_route=\/wp\/v2\/posts\/3161\/revisions\/3169"}],"wp:featuredmedia":[{"embeddable":true,"href":"https:\/\/solidarnosctvp.pl\/index.php?rest_route=\/wp\/v2\/media\/3167"}],"wp:attachment":[{"href":"https:\/\/solidarnosctvp.pl\/index.php?rest_route=%2Fwp%2Fv2%2Fmedia&parent=3161"}],"wp:term":[{"taxonomy":"category","embeddable":true,"href":"https:\/\/solidarnosctvp.pl\/index.php?rest_route=%2Fwp%2Fv2%2Fcategories&post=3161"},{"taxonomy":"post_tag","embeddable":true,"href":"https:\/\/solidarnosctvp.pl\/index.php?rest_route=%2Fwp%2Fv2%2Ftags&post=3161"}],"curies":[{"name":"wp","href":"https:\/\/api.w.org\/{rel}","templated":true}]}}