{"id":3084,"date":"2026-03-09T11:45:34","date_gmt":"2026-03-09T10:45:34","guid":{"rendered":"https:\/\/solidarnosctvp.pl\/?p=3084"},"modified":"2026-03-10T11:15:11","modified_gmt":"2026-03-10T10:15:11","slug":"czy-pracownicy-otrzymaja-dodatek-swiateczny-na-wielkanoc","status":"publish","type":"post","link":"https:\/\/solidarnosctvp.pl\/?p=3084","title":{"rendered":"CO O NAS PISZ\u0104:  ??Czy pracownicy otrzymaj\u0105 dodatek \u015bwi\u0105teczny na Wielkanoc??  Wszyscy czekaj\u0105 na decyzj\u0119 w\u0142adz sp\u00f3\u0142ki."},"content":{"rendered":"\n<p><strong>Dzia\u0142aj\u0105ca w Telewizji Polskiej Komisja Zak\u0142adowa NSZZ &#8222;Solidarno\u015b\u0107&#8221; zwr\u00f3ci\u0142a si\u0119 do w\u0142adz firmy o przyznanie wszystkim pracownikom dodatkowego wynagrodzenia z okazji Wielkanocy. Zaproponowa\u0142a 2,5 tys. z\u0142 brutto.<\/strong><br><\/p>\n\n\n\n<figure class=\"wp-block-image size-full\"><img loading=\"lazy\" decoding=\"async\" width=\"1003\" height=\"339\" src=\"https:\/\/solidarnosctvp.pl\/wp-content\/uploads\/2026\/03\/image-11.png\" alt=\"\" class=\"wp-image-3085\" srcset=\"https:\/\/solidarnosctvp.pl\/wp-content\/uploads\/2026\/03\/image-11.png 1003w, https:\/\/solidarnosctvp.pl\/wp-content\/uploads\/2026\/03\/image-11-300x101.png 300w, https:\/\/solidarnosctvp.pl\/wp-content\/uploads\/2026\/03\/image-11-768x260.png 768w, https:\/\/solidarnosctvp.pl\/wp-content\/uploads\/2026\/03\/image-11-624x211.png 624w\" sizes=\"auto, (max-width: 1003px) 100vw, 1003px\" \/><\/figure>\n\n\n\n<p><strong>Bogdan Wi\u015bniewski<\/strong>, szef Komisji Zak\u0142adowej &#8222;Solidarno\u015bci&#8221;\u00a0w Telewizji Polskiej, opisa\u0142 w\u00a0komunikacie, jak organizacja uzasadni\u0142a propozycj\u0119 wyp\u0142aty dodatku na Wielkanoc<strong>. <\/strong><em>&#8222;W naszym wyst\u0105pieniu podkre\u015blili\u015bmy, \u017ce kontynuacja tej wieloletniej tradycji jest w\u00a0obecnej sytuacji niezb\u0119dna. Mamy pe\u0142n\u0105 \u015bwiadomo\u015b\u0107 wyzwa\u0144, przed kt\u00f3rymi stoi Sp\u00f3\u0142ka, jednak uwa\u017camy, \u017ce to w\u0142a\u015bnie dzi\u0119ki Waszej codziennej pracy i\u00a0profesjonalizmowi \u2013 mimo trwaj\u0105cego stanu likwidacji i\u00a0niepewno\u015bci prawnej \u2013 TVP S.A. zachowuje p\u0142ynno\u015b\u0107 funkcjonowania&#8221; <\/em>\u2013 stwierdzi\u0142.<br>&#8230;<\/p>\n\n\n\n<p>&#8222;Solidarno\u015b\u0107&#8221; argumentowa\u0142a te\u017c, \u017ce\u00a0<em>&#8222;w dobie rosn\u0105cych koszt\u00f3w \u017cycia oraz braku systemowych podwy\u017cek p\u0142ac od 2023\u00a0roku, wsparcie finansowe na \u015awi\u0119ta jest wyrazem elementarnej sprawiedliwo\u015bci i\u00a0uznania dla trudu pracownik\u00f3w&#8221;<\/em><strong>.<\/strong><br>&#8230;<br>W\u00a0marcu 2025\u00a0roku zwi\u0105zkowcy chcieli, \u017ceby ka\u017cdy zatrudniony otrzyma\u0142 2\u00a0tys. z\u0142 brutto, a\u00a0w\u0142adze nadawcy przyzna\u0142y po ok. 1,5 tys. W\u00a02025\u00a0roku pracownicy dostali jeszcze jeden dodatek. W\u00a0czerwcu przyznano im 15\u00a0proc. premii uznaniowej. Zwr\u00f3ci\u0142a si\u0119 o\u00a0ni\u0105 ,,Solidarno\u015b\u0107&#8221;, wskazuj\u0105c na &#8222;wyt\u0119\u017con\u0105 prac\u0119, zwi\u0105zan\u0105 z\u00a0trwaj\u0105c\u0105 kampani\u0105 wyborcz\u0105&#8221;.<br><\/p>\n\n\n\n<p>Wi\u0119cej na <strong>Wirtualnemedia.pl<\/strong><br><a href=\"https:\/\/www.wirtualnemedia.pl\/telewizja-polska-zarobki-pracownikow-w-2026-roku-zwiazek-zawodowy-solidarnosc-chce-dodatku-na-wielkanoc,7261304411244672a\">https:\/\/www.wirtualnemedia.pl\/telewizja-polska-zarobki-pracownikow-w-2026-roku-zwiazek-zawodowy-solidarnosc-chce-dodatku-na-wielkanoc,7261304411244672a<\/a><\/p>\n","protected":false},"excerpt":{"rendered":"<p>Dzia\u0142aj\u0105ca w Telewizji Polskiej Komisja Zak\u0142adowa NSZZ &#8222;Solidarno\u015b\u0107&#8221; zwr\u00f3ci\u0142a si\u0119 do w\u0142adz firmy o przyznanie wszystkim pracownikom dodatkowego wynagrodzenia z okazji Wielkanocy. Zaproponowa\u0142a 2,5 tys. z\u0142 brutto. Bogdan Wi\u015bniewski, szef Komisji Zak\u0142adowej &#8222;Solidarno\u015bci&#8221;\u00a0w Telewizji Polskiej, opisa\u0142 w\u00a0komunikacie, jak organizacja uzasadni\u0142a propozycj\u0119 wyp\u0142aty dodatku na Wielkanoc. &#8222;W naszym wyst\u0105pieniu podkre\u015blili\u015bmy, \u017ce kontynuacja tej wieloletniej tradycji jest [&hellip;]<\/p>\n","protected":false},"author":4,"featured_media":3086,"comment_status":"closed","ping_status":"closed","sticky":false,"template":"","format":"standard","meta":{"footnotes":""},"categories":[2,5,6,7],"tags":[],"class_list":["post-3084","post","type-post","status-publish","format-standard","has-post-thumbnail","hentry","category-aktualnosci","category-glowny-news","category-ostatnio-dodane","category-z-ostatniej-chwili"],"_links":{"self":[{"href":"https:\/\/solidarnosctvp.pl\/index.php?rest_route=\/wp\/v2\/posts\/3084","targetHints":{"allow":["GET"]}}],"collection":[{"href":"https:\/\/solidarnosctvp.pl\/index.php?rest_route=\/wp\/v2\/posts"}],"about":[{"href":"https:\/\/solidarnosctvp.pl\/index.php?rest_route=\/wp\/v2\/types\/post"}],"author":[{"embeddable":true,"href":"https:\/\/solidarnosctvp.pl\/index.php?rest_route=\/wp\/v2\/users\/4"}],"replies":[{"embeddable":true,"href":"https:\/\/solidarnosctvp.pl\/index.php?rest_route=%2Fwp%2Fv2%2Fcomments&post=3084"}],"version-history":[{"count":4,"href":"https:\/\/solidarnosctvp.pl\/index.php?rest_route=\/wp\/v2\/posts\/3084\/revisions"}],"predecessor-version":[{"id":3092,"href":"https:\/\/solidarnosctvp.pl\/index.php?rest_route=\/wp\/v2\/posts\/3084\/revisions\/3092"}],"wp:featuredmedia":[{"embeddable":true,"href":"https:\/\/solidarnosctvp.pl\/index.php?rest_route=\/wp\/v2\/media\/3086"}],"wp:attachment":[{"href":"https:\/\/solidarnosctvp.pl\/index.php?rest_route=%2Fwp%2Fv2%2Fmedia&parent=3084"}],"wp:term":[{"taxonomy":"category","embeddable":true,"href":"https:\/\/solidarnosctvp.pl\/index.php?rest_route=%2Fwp%2Fv2%2Fcategories&post=3084"},{"taxonomy":"post_tag","embeddable":true,"href":"https:\/\/solidarnosctvp.pl\/index.php?rest_route=%2Fwp%2Fv2%2Ftags&post=3084"}],"curies":[{"name":"wp","href":"https:\/\/api.w.org\/{rel}","templated":true}]}}