{"id":3079,"date":"2026-03-09T10:27:13","date_gmt":"2026-03-09T09:27:13","guid":{"rendered":"https:\/\/solidarnosctvp.pl\/?p=3079"},"modified":"2026-03-10T11:14:46","modified_gmt":"2026-03-10T10:14:46","slug":"tvp-w-2026-r-budzet-nadawcy-przy-zachowaniu-dyscypliny-finansowej-wyniesie-22-mld-zl","status":"publish","type":"post","link":"https:\/\/solidarnosctvp.pl\/?p=3079","title":{"rendered":"CO O NAS PISZ\u0104: TVP &#8211; w 2026 r. bud\u017cet nadawcy, przy zachowaniu dyscypliny finansowej, wyniesie 2,2 mld z\u0142."},"content":{"rendered":"\n<figure class=\"wp-block-image size-large\"><img loading=\"lazy\" decoding=\"async\" width=\"1024\" height=\"281\" src=\"https:\/\/solidarnosctvp.pl\/wp-content\/uploads\/2026\/03\/image-10-1024x281.png\" alt=\"\" class=\"wp-image-3081\" srcset=\"https:\/\/solidarnosctvp.pl\/wp-content\/uploads\/2026\/03\/image-10-1024x281.png 1024w, https:\/\/solidarnosctvp.pl\/wp-content\/uploads\/2026\/03\/image-10-300x82.png 300w, https:\/\/solidarnosctvp.pl\/wp-content\/uploads\/2026\/03\/image-10-768x211.png 768w, https:\/\/solidarnosctvp.pl\/wp-content\/uploads\/2026\/03\/image-10-624x172.png 624w, https:\/\/solidarnosctvp.pl\/wp-content\/uploads\/2026\/03\/image-10.png 1237w\" sizes=\"auto, (max-width: 1024px) 100vw, 1024px\" \/><\/figure>\n\n\n\n<p>Dyrektor Generalny Tomasz Sygut o sytuacji w TVP S.A. w likwidacji &#8211; w\u00a02024\u00a0roku \u015bci\u0119li\u015bmy koszty o\u00a0prawie 600\u00a0mln. Doszli\u015bmy jednak do \u015bciany,<br>Biuro prasowe Telewizji Polskiej<strong>\u00a0przekaza\u0142o , \u017ce sp\u00f3\u0142ka otrzyma\u0142a dwa przelewy w\u00a0ramach umowy z\u00a0resortem kultury: 80\u00a0mln z\u0142 26\u00a0lutego i\u00a0370\u00a0mln z\u0142 4\u00a0marca. To \u015brodki na realizacj\u0119 misji publicznej w\u00a0pierwszym kwartale<\/strong>.<br><br>Wi\u0119cej na\u00a0<strong>Wirtualnemedia.pl<\/strong><br><a href=\"https:\/\/www.wirtualnemedia.pl\/telewizja-polska-pieniadze-dotacja-z-budzetu-panstwa-ile-zarabia-w-2026-roku,7260776937937024a\">https:\/\/www.wirtualnemedia.pl\/telewizja-polska-pieniadze-dotacja-z-budzetu-panstwa-ile-zarabia-w-2026-roku,7260776937937024a<\/a><\/p>\n","protected":false},"excerpt":{"rendered":"<p>Dyrektor Generalny Tomasz Sygut o sytuacji w TVP S.A. w likwidacji &#8211; w\u00a02024\u00a0roku \u015bci\u0119li\u015bmy koszty o\u00a0prawie 600\u00a0mln. Doszli\u015bmy jednak do \u015bciany,Biuro prasowe Telewizji Polskiej\u00a0przekaza\u0142o , \u017ce sp\u00f3\u0142ka otrzyma\u0142a dwa przelewy w\u00a0ramach umowy z\u00a0resortem kultury: 80\u00a0mln z\u0142 26\u00a0lutego i\u00a0370\u00a0mln z\u0142 4\u00a0marca. To \u015brodki na realizacj\u0119 misji publicznej w\u00a0pierwszym kwartale. Wi\u0119cej na\u00a0Wirtualnemedia.plhttps:\/\/www.wirtualnemedia.pl\/telewizja-polska-pieniadze-dotacja-z-budzetu-panstwa-ile-zarabia-w-2026-roku,7260776937937024a<\/p>\n","protected":false},"author":4,"featured_media":3080,"comment_status":"closed","ping_status":"closed","sticky":false,"template":"","format":"standard","meta":{"footnotes":""},"categories":[2,5,6,7],"tags":[],"class_list":["post-3079","post","type-post","status-publish","format-standard","has-post-thumbnail","hentry","category-aktualnosci","category-glowny-news","category-ostatnio-dodane","category-z-ostatniej-chwili"],"_links":{"self":[{"href":"https:\/\/solidarnosctvp.pl\/index.php?rest_route=\/wp\/v2\/posts\/3079","targetHints":{"allow":["GET"]}}],"collection":[{"href":"https:\/\/solidarnosctvp.pl\/index.php?rest_route=\/wp\/v2\/posts"}],"about":[{"href":"https:\/\/solidarnosctvp.pl\/index.php?rest_route=\/wp\/v2\/types\/post"}],"author":[{"embeddable":true,"href":"https:\/\/solidarnosctvp.pl\/index.php?rest_route=\/wp\/v2\/users\/4"}],"replies":[{"embeddable":true,"href":"https:\/\/solidarnosctvp.pl\/index.php?rest_route=%2Fwp%2Fv2%2Fcomments&post=3079"}],"version-history":[{"count":2,"href":"https:\/\/solidarnosctvp.pl\/index.php?rest_route=\/wp\/v2\/posts\/3079\/revisions"}],"predecessor-version":[{"id":3091,"href":"https:\/\/solidarnosctvp.pl\/index.php?rest_route=\/wp\/v2\/posts\/3079\/revisions\/3091"}],"wp:featuredmedia":[{"embeddable":true,"href":"https:\/\/solidarnosctvp.pl\/index.php?rest_route=\/wp\/v2\/media\/3080"}],"wp:attachment":[{"href":"https:\/\/solidarnosctvp.pl\/index.php?rest_route=%2Fwp%2Fv2%2Fmedia&parent=3079"}],"wp:term":[{"taxonomy":"category","embeddable":true,"href":"https:\/\/solidarnosctvp.pl\/index.php?rest_route=%2Fwp%2Fv2%2Fcategories&post=3079"},{"taxonomy":"post_tag","embeddable":true,"href":"https:\/\/solidarnosctvp.pl\/index.php?rest_route=%2Fwp%2Fv2%2Ftags&post=3079"}],"curies":[{"name":"wp","href":"https:\/\/api.w.org\/{rel}","templated":true}]}}