{"id":2789,"date":"2025-09-08T13:10:35","date_gmt":"2025-09-08T11:10:35","guid":{"rendered":"https:\/\/solidarnosctvp.pl\/?p=2789"},"modified":"2025-09-26T12:24:13","modified_gmt":"2025-09-26T10:24:13","slug":"43-ogolnopolska-pielgrzymka-ludzi-pracy","status":"publish","type":"post","link":"https:\/\/solidarnosctvp.pl\/?p=2789","title":{"rendered":"43. Og\u00f3lnopolska Pielgrzymka Ludzi Pracy"},"content":{"rendered":"\n<p><em><strong>43 .Og\u00f3lnopolska Pielgrzymka Ludzi Pracy<\/strong><\/em>&nbsp;do Cz\u0119stochowy odb\u0119dzie si\u0119&nbsp;<strong>21 wrze\u015bnia 2025 r<\/strong>&nbsp;( niedziela ).<\/p>\n\n\n\n<p>Zapisy przyjmuje&nbsp;<strong><em>Dzia\u0142 Rozwoju Zwi\u0105zku<\/em><\/strong>&nbsp;(Regionu Mazowsze) pod nr telefonu<strong>&nbsp;22&nbsp;314 80 29<\/strong>&nbsp;lub<strong>&nbsp;22&nbsp;314 80 31<\/strong>&nbsp;do dnia 18 wrze\u015bnia br. do godz. 12.00.<\/p>\n\n\n\n<p><strong>Koszt wyjazdu dla uczestnika \u2013 Cz\u0142onka Zwi\u0105zku oraz najbli\u017cej rodziny wynosi 30 z\u0142otych.<\/strong><\/p>\n\n\n\n<p>Po dokonaniu zapisu prosimy o wp\u0142aty na nr rachunku bankowego:&nbsp;<strong>71 1020 1013 0000 0202 0002 9272<\/strong>&nbsp;-Bank PKO X Oddzia\u0142 w Warszawie lub w kasie Regionu Mazowsze z opisem nr Organizacji Zak\u0142adowej tytu\u0142em: 43.Pielgrzymka.<\/p>\n\n\n\n<figure class=\"wp-block-image size-full\"><img loading=\"lazy\" decoding=\"async\" width=\"936\" height=\"934\" src=\"https:\/\/solidarnosctvp.pl\/wp-content\/uploads\/2025\/09\/image-12.png\" alt=\"\" class=\"wp-image-2790\" srcset=\"https:\/\/solidarnosctvp.pl\/wp-content\/uploads\/2025\/09\/image-12.png 936w, https:\/\/solidarnosctvp.pl\/wp-content\/uploads\/2025\/09\/image-12-200x200.png 200w, https:\/\/solidarnosctvp.pl\/wp-content\/uploads\/2025\/09\/image-12-768x766.png 768w, https:\/\/solidarnosctvp.pl\/wp-content\/uploads\/2025\/09\/image-12-624x623.png 624w\" sizes=\"auto, (max-width: 936px) 100vw, 936px\" \/><\/figure>\n","protected":false},"excerpt":{"rendered":"<p>43 .Og\u00f3lnopolska Pielgrzymka Ludzi Pracy&nbsp;do Cz\u0119stochowy odb\u0119dzie si\u0119&nbsp;21 wrze\u015bnia 2025 r&nbsp;( niedziela ). Zapisy przyjmuje&nbsp;Dzia\u0142 Rozwoju Zwi\u0105zku&nbsp;(Regionu Mazowsze) pod nr telefonu&nbsp;22&nbsp;314 80 29&nbsp;lub&nbsp;22&nbsp;314 80 31&nbsp;do dnia 18 wrze\u015bnia br. do godz. 12.00. Koszt wyjazdu dla uczestnika \u2013 Cz\u0142onka Zwi\u0105zku oraz najbli\u017cej rodziny wynosi 30 z\u0142otych. Po dokonaniu zapisu prosimy o wp\u0142aty na nr rachunku bankowego:&nbsp;71 [&hellip;]<\/p>\n","protected":false},"author":4,"featured_media":2796,"comment_status":"closed","ping_status":"closed","sticky":false,"template":"","format":"standard","meta":{"footnotes":""},"categories":[2],"tags":[],"class_list":["post-2789","post","type-post","status-publish","format-standard","has-post-thumbnail","hentry","category-aktualnosci"],"_links":{"self":[{"href":"https:\/\/solidarnosctvp.pl\/index.php?rest_route=\/wp\/v2\/posts\/2789","targetHints":{"allow":["GET"]}}],"collection":[{"href":"https:\/\/solidarnosctvp.pl\/index.php?rest_route=\/wp\/v2\/posts"}],"about":[{"href":"https:\/\/solidarnosctvp.pl\/index.php?rest_route=\/wp\/v2\/types\/post"}],"author":[{"embeddable":true,"href":"https:\/\/solidarnosctvp.pl\/index.php?rest_route=\/wp\/v2\/users\/4"}],"replies":[{"embeddable":true,"href":"https:\/\/solidarnosctvp.pl\/index.php?rest_route=%2Fwp%2Fv2%2Fcomments&post=2789"}],"version-history":[{"count":2,"href":"https:\/\/solidarnosctvp.pl\/index.php?rest_route=\/wp\/v2\/posts\/2789\/revisions"}],"predecessor-version":[{"id":2797,"href":"https:\/\/solidarnosctvp.pl\/index.php?rest_route=\/wp\/v2\/posts\/2789\/revisions\/2797"}],"wp:featuredmedia":[{"embeddable":true,"href":"https:\/\/solidarnosctvp.pl\/index.php?rest_route=\/wp\/v2\/media\/2796"}],"wp:attachment":[{"href":"https:\/\/solidarnosctvp.pl\/index.php?rest_route=%2Fwp%2Fv2%2Fmedia&parent=2789"}],"wp:term":[{"taxonomy":"category","embeddable":true,"href":"https:\/\/solidarnosctvp.pl\/index.php?rest_route=%2Fwp%2Fv2%2Fcategories&post=2789"},{"taxonomy":"post_tag","embeddable":true,"href":"https:\/\/solidarnosctvp.pl\/index.php?rest_route=%2Fwp%2Fv2%2Ftags&post=2789"}],"curies":[{"name":"wp","href":"https:\/\/api.w.org\/{rel}","templated":true}]}}