{"id":2695,"date":"2025-06-09T09:50:46","date_gmt":"2025-06-09T07:50:46","guid":{"rendered":"https:\/\/solidarnosctvp.pl\/?p=2695"},"modified":"2025-07-30T12:58:09","modified_gmt":"2025-07-30T10:58:09","slug":"co-o-nas-pisza","status":"publish","type":"post","link":"https:\/\/solidarnosctvp.pl\/?p=2695","title":{"rendered":"CO O NAS PISZ\u0104?"},"content":{"rendered":"\n<p><strong>Wniosek do pracodawcy o premi\u0119 i szybka decyzja w\u0142adz sp\u00f3\u0142ki<\/strong><\/p>\n\n\n\n<p><br>Pracownicy Telewizji Polskiej do wynagrodze\u0144 za maj dostan\u0105 15 proc. premii uznaniowej. Zwr\u00f3ci\u0142a si\u0119 o ni\u0105 dzia\u0142aj\u0105ca w firmie ,,Solidarno\u015b\u0107\u201d, wskazuj\u0105c na \u201ewyt\u0119\u017con\u0105 prac\u0119, zwi\u0105zan\u0105 z trwaj\u0105c\u0105 kampani\u0105 wyborcz\u0105\u201d. W zesz\u0142y czwartek zwr\u00f3ci\u0142 si\u0119 do w\u0142adz sp\u00f3\u0142ki Bogdan Wi\u015bniewski, szef dzia\u0142aj\u0105cej w niej Komisji Zak\u0142adowej NSZZ ,,Solidarno\u015b\u0107\u201d. \u2013 Ostatnie kilka tygodni to czas wyt\u0119\u017conej pracy, zwi\u0105zanej z trwaj\u0105c\u0105 kampani\u0105 wyborcz\u0105. Pracownikom bezpo\u015brednio pracuj\u0105cym przy produkcji prze\u0142o\u017cy si\u0119 to wprost na wynagrodzenia, honoraria i premi\u0119 zadaniow\u0105. <\/p>\n\n\n\n<figure class=\"wp-block-image size-large\"><img loading=\"lazy\" decoding=\"async\" width=\"1024\" height=\"683\" src=\"https:\/\/solidarnosctvp.pl\/wp-content\/uploads\/2025\/06\/image-8-1024x683.png\" alt=\"\" class=\"wp-image-2698\" srcset=\"https:\/\/solidarnosctvp.pl\/wp-content\/uploads\/2025\/06\/image-8-1024x683.png 1024w, https:\/\/solidarnosctvp.pl\/wp-content\/uploads\/2025\/06\/image-8-300x200.png 300w, https:\/\/solidarnosctvp.pl\/wp-content\/uploads\/2025\/06\/image-8-768x512.png 768w, https:\/\/solidarnosctvp.pl\/wp-content\/uploads\/2025\/06\/image-8-624x416.png 624w, https:\/\/solidarnosctvp.pl\/wp-content\/uploads\/2025\/06\/image-8.png 1200w\" sizes=\"auto, (max-width: 1024px) 100vw, 1024px\" \/><\/figure>\n\n\n\n<p>Dla pracownik\u00f3w czasowo-premiowym przewidziana jest w takich sytuacjach premia motywacyjna \u2013 zauwa\u017cy\u0142. Zaznaczy\u0142, \u017ce o wyp\u0142acie takiej premii musz\u0105 zdecydowa\u0107 w\u0142adze Telewizji Polskiej. \u2013 Nawa\u0142 pracy zwi\u0105zany z wyborami, wyst\u0119puje co kilka lat i jest to moment szczeg\u00f3lny dla naszej Sp\u00f3\u0142ki, anga\u017cuje pracownik\u00f3w niezale\u017cnie od systemu wynagradzania. Prosimy o uwzgl\u0119dnienie tego i przyznanie premii motywacyjnej za ostatnie miesi\u0105ce \u2013 doda\u0142.<br><\/p>\n\n\n\n<p>Telewizja Polska regularnie wyp\u0142aca pracownikom dodatki przed Bo\u017cym Narodzeniem i Wielkanoc\u0105. W kwietniu 2025 roku by\u0142o to po 1,5 tys. z\u0142 brutto, podczas gdy dzia\u0142aj\u0105cej w firmie zwi\u0105zki zawodowe zwr\u00f3ci\u0142y si\u0119 o 2 tys. <\/p>\n\n\n\n<p>J<strong>ak szczeg\u00f3\u0142owo opisywali\u015bmy, w 2024 roku TVP obci\u0119\u0142a wydatki na misj\u0119 publiczn\u0105 o prawie 800 mln z\u0142, g\u0142\u00f3wnie dlatego \u017ce skurczy\u0142y si\u0119 jej wp\u0142ywy z abonamentu, a dotacja bud\u017cetowa by\u0142a o ponad 600 mln ni\u017csza od rekompensaty abonamentowej rok wcze\u015bniej.<\/strong><\/p>\n\n\n\n<p><\/p>\n\n\n\n<p>\u0179r\u00f3d\u0142o<br><a href=\"https:\/\/www.wirtualnemedia.pl\/artykul\/pracownicy-telewizji-polskiej-dostana-premie-nawal-pracy-zwiazany-z-wyborami\">https:\/\/www.wirtualnemedia.pl\/artykul\/pracownicy-telewizji-polskiej-dostana-premie-nawal-pracy-zwiazany-z-wyborami<\/a><br><br><\/p>\n\n\n\n<p><br><\/p>\n","protected":false},"excerpt":{"rendered":"<p>Wniosek do pracodawcy o premi\u0119 i szybka decyzja w\u0142adz sp\u00f3\u0142ki Pracownicy Telewizji Polskiej do wynagrodze\u0144 za maj dostan\u0105 15 proc. premii uznaniowej. Zwr\u00f3ci\u0142a si\u0119 o ni\u0105 dzia\u0142aj\u0105ca w firmie ,,Solidarno\u015b\u0107\u201d, wskazuj\u0105c na \u201ewyt\u0119\u017con\u0105 prac\u0119, zwi\u0105zan\u0105 z trwaj\u0105c\u0105 kampani\u0105 wyborcz\u0105\u201d. W zesz\u0142y czwartek zwr\u00f3ci\u0142 si\u0119 do w\u0142adz sp\u00f3\u0142ki Bogdan Wi\u015bniewski, szef dzia\u0142aj\u0105cej w niej Komisji Zak\u0142adowej [&hellip;]<\/p>\n","protected":false},"author":4,"featured_media":2716,"comment_status":"closed","ping_status":"closed","sticky":false,"template":"","format":"standard","meta":{"footnotes":""},"categories":[2,6,7],"tags":[],"class_list":["post-2695","post","type-post","status-publish","format-standard","has-post-thumbnail","hentry","category-aktualnosci","category-ostatnio-dodane","category-z-ostatniej-chwili"],"_links":{"self":[{"href":"https:\/\/solidarnosctvp.pl\/index.php?rest_route=\/wp\/v2\/posts\/2695","targetHints":{"allow":["GET"]}}],"collection":[{"href":"https:\/\/solidarnosctvp.pl\/index.php?rest_route=\/wp\/v2\/posts"}],"about":[{"href":"https:\/\/solidarnosctvp.pl\/index.php?rest_route=\/wp\/v2\/types\/post"}],"author":[{"embeddable":true,"href":"https:\/\/solidarnosctvp.pl\/index.php?rest_route=\/wp\/v2\/users\/4"}],"replies":[{"embeddable":true,"href":"https:\/\/solidarnosctvp.pl\/index.php?rest_route=%2Fwp%2Fv2%2Fcomments&post=2695"}],"version-history":[{"count":3,"href":"https:\/\/solidarnosctvp.pl\/index.php?rest_route=\/wp\/v2\/posts\/2695\/revisions"}],"predecessor-version":[{"id":2702,"href":"https:\/\/solidarnosctvp.pl\/index.php?rest_route=\/wp\/v2\/posts\/2695\/revisions\/2702"}],"wp:featuredmedia":[{"embeddable":true,"href":"https:\/\/solidarnosctvp.pl\/index.php?rest_route=\/wp\/v2\/media\/2716"}],"wp:attachment":[{"href":"https:\/\/solidarnosctvp.pl\/index.php?rest_route=%2Fwp%2Fv2%2Fmedia&parent=2695"}],"wp:term":[{"taxonomy":"category","embeddable":true,"href":"https:\/\/solidarnosctvp.pl\/index.php?rest_route=%2Fwp%2Fv2%2Fcategories&post=2695"},{"taxonomy":"post_tag","embeddable":true,"href":"https:\/\/solidarnosctvp.pl\/index.php?rest_route=%2Fwp%2Fv2%2Ftags&post=2695"}],"curies":[{"name":"wp","href":"https:\/\/api.w.org\/{rel}","templated":true}]}}