{"id":2573,"date":"2025-03-12T11:05:55","date_gmt":"2025-03-12T10:05:55","guid":{"rendered":"https:\/\/solidarnosctvp.pl\/?p=2573"},"modified":"2025-03-26T10:43:06","modified_gmt":"2025-03-26T09:43:06","slug":"xxxvi-miedzynarodowy-wyscig-kolarski-solidarnosci-i-olimpijczykow","status":"publish","type":"post","link":"https:\/\/solidarnosctvp.pl\/?p=2573","title":{"rendered":"XXXVI MIEDZYNARODOWY WY\u015aCIG KOLARSKI \u201eSOLIDARNO\u015aCI\u201d I OLIMPIJCZYK\u00d3W W TELEWIZJI POLSKIEJ"},"content":{"rendered":"\n<figure class=\"wp-block-image size-large\"><img loading=\"lazy\" decoding=\"async\" width=\"1024\" height=\"200\" src=\"https:\/\/solidarnosctvp.pl\/wp-content\/uploads\/2025\/03\/image-17-1024x200.png\" alt=\"\" class=\"wp-image-2577\" srcset=\"https:\/\/solidarnosctvp.pl\/wp-content\/uploads\/2025\/03\/image-17-1024x200.png 1024w, https:\/\/solidarnosctvp.pl\/wp-content\/uploads\/2025\/03\/image-17-300x58.png 300w, https:\/\/solidarnosctvp.pl\/wp-content\/uploads\/2025\/03\/image-17-768x150.png 768w, https:\/\/solidarnosctvp.pl\/wp-content\/uploads\/2025\/03\/image-17-624x122.png 624w, https:\/\/solidarnosctvp.pl\/wp-content\/uploads\/2025\/03\/image-17.png 1226w\" sizes=\"auto, (max-width: 1024px) 100vw, 1024px\" \/><\/figure>\n\n\n\n<p>W\u0142adze TVP S.A. w likwidacji po raz drugi przychyli\u0142y si\u0119 do wniosku <strong>Komisji Zak\u0142adowej NSZZ Solidarno\u015b\u0107 TVP S.A.<\/strong> z\u0142o\u017conego 17 lutego 2025 r. o zaanga\u017cowanie w relacjonowanie<strong> Mi\u0119dzynarodowego Wy\u015bcigu Kolarskiego \u201eSolidarno\u015bci\u201d i Olimpijczyk\u00f3w<\/strong>, b\u0119d\u0105cym jednym z wa\u017cniejszych wydarze\u0144 sportowych w naszym kraju i drugim po Tour de Pologne wydarzeniem sport\u00f3w kolarskich.<\/p>\n\n\n\n<figure class=\"wp-block-image size-full is-resized\"><img loading=\"lazy\" decoding=\"async\" width=\"750\" height=\"530\" src=\"https:\/\/solidarnosctvp.pl\/wp-content\/uploads\/2025\/03\/image-14.png\" alt=\"\" class=\"wp-image-2574\" style=\"width:840px;height:auto\" srcset=\"https:\/\/solidarnosctvp.pl\/wp-content\/uploads\/2025\/03\/image-14.png 750w, https:\/\/solidarnosctvp.pl\/wp-content\/uploads\/2025\/03\/image-14-283x200.png 283w, https:\/\/solidarnosctvp.pl\/wp-content\/uploads\/2025\/03\/image-14-624x441.png 624w\" sizes=\"auto, (max-width: 750px) 100vw, 750px\" \/><\/figure>\n\n\n\n<p><em>&nbsp;fot. M. \u017begli\u0144ski (Tysol.pl)<\/em><\/p>\n\n\n\n<p>Dzi\u0119ki decyzji w\u0142adz sp\u00f3\u0142ki zostanie podtrzymana <strong>36<\/strong> letnia tradycja zaanga\u017cowania TVP S.A. w promocj\u0119 polskiego sportu i tego mi\u0119dzynarodowego wydarzenia kolarskiego, kt\u00f3re Telewizja Polska b\u0119dzie relacjonowana w swoich kana\u0142ach TVP 3 i TVP Sport. Jednocze\u015bnie przyznany przez Telewizj\u0119 Polsk\u0105 dla <strong>Komitetu Organizacyjnego Mi\u0119dzynarodowego Wy\u015bcigu Kolarskiego Solidarno\u015bci i Olimpijczyk\u00f3w <\/strong>patronat przewiduje wykorzystanie jej logotypu w materia\u0142ach informacyjno-promocyjnych wy\u015bcigu.<\/p>\n\n\n\n<p><strong>36. Mi\u0119dzynarodowy Wy\u015bcig Kolarski Solidarno\u015bci i Olimpijczyk\u00f3w<\/strong> wystartuje 2 lipca na Podkarpaciu. Met\u0119 zaplanowano w \u0141odzi, 5 lipca 2025 roku.&nbsp;<\/p>\n\n\n\n<figure class=\"wp-block-image size-large\"><img loading=\"lazy\" decoding=\"async\" width=\"1024\" height=\"497\" src=\"https:\/\/solidarnosctvp.pl\/wp-content\/uploads\/2025\/03\/image-21-1024x497.png\" alt=\"\" class=\"wp-image-2583\" srcset=\"https:\/\/solidarnosctvp.pl\/wp-content\/uploads\/2025\/03\/image-21-1024x497.png 1024w, https:\/\/solidarnosctvp.pl\/wp-content\/uploads\/2025\/03\/image-21-300x146.png 300w, https:\/\/solidarnosctvp.pl\/wp-content\/uploads\/2025\/03\/image-21-768x373.png 768w, https:\/\/solidarnosctvp.pl\/wp-content\/uploads\/2025\/03\/image-21-624x303.png 624w, https:\/\/solidarnosctvp.pl\/wp-content\/uploads\/2025\/03\/image-21.png 1413w\" sizes=\"auto, (max-width: 1024px) 100vw, 1024px\" \/><\/figure>\n\n\n\n<figure class=\"wp-block-image size-full\"><img loading=\"lazy\" decoding=\"async\" width=\"677\" height=\"878\" src=\"https:\/\/solidarnosctvp.pl\/wp-content\/uploads\/2025\/03\/image-30.png\" alt=\"\" class=\"wp-image-2607\" srcset=\"https:\/\/solidarnosctvp.pl\/wp-content\/uploads\/2025\/03\/image-30.png 677w, https:\/\/solidarnosctvp.pl\/wp-content\/uploads\/2025\/03\/image-30-154x200.png 154w, https:\/\/solidarnosctvp.pl\/wp-content\/uploads\/2025\/03\/image-30-624x809.png 624w\" sizes=\"auto, (max-width: 677px) 100vw, 677px\" \/><\/figure>\n\n\n\n<figure class=\"wp-block-image size-full\"><img loading=\"lazy\" decoding=\"async\" width=\"645\" height=\"905\" src=\"https:\/\/solidarnosctvp.pl\/wp-content\/uploads\/2025\/03\/image-31.png\" alt=\"\" class=\"wp-image-2609\" srcset=\"https:\/\/solidarnosctvp.pl\/wp-content\/uploads\/2025\/03\/image-31.png 645w, https:\/\/solidarnosctvp.pl\/wp-content\/uploads\/2025\/03\/image-31-143x200.png 143w, https:\/\/solidarnosctvp.pl\/wp-content\/uploads\/2025\/03\/image-31-624x876.png 624w\" sizes=\"auto, (max-width: 645px) 100vw, 645px\" \/><\/figure>\n","protected":false},"excerpt":{"rendered":"<p>W\u0142adze TVP S.A. w likwidacji po raz drugi przychyli\u0142y si\u0119 do wniosku Komisji Zak\u0142adowej NSZZ Solidarno\u015b\u0107 TVP S.A. z\u0142o\u017conego 17 lutego 2025 r. o zaanga\u017cowanie w relacjonowanie Mi\u0119dzynarodowego Wy\u015bcigu Kolarskiego \u201eSolidarno\u015bci\u201d i Olimpijczyk\u00f3w, b\u0119d\u0105cym jednym z wa\u017cniejszych wydarze\u0144 sportowych w naszym kraju i drugim po Tour de Pologne wydarzeniem sport\u00f3w kolarskich. &nbsp;fot. M. \u017begli\u0144ski (Tysol.pl) [&hellip;]<\/p>\n","protected":false},"author":4,"featured_media":2580,"comment_status":"closed","ping_status":"closed","sticky":false,"template":"","format":"standard","meta":{"footnotes":""},"categories":[2,5,1,6,7],"tags":[],"class_list":["post-2573","post","type-post","status-publish","format-standard","has-post-thumbnail","hentry","category-aktualnosci","category-glowny-news","category-bez-kategorii","category-ostatnio-dodane","category-z-ostatniej-chwili"],"_links":{"self":[{"href":"https:\/\/solidarnosctvp.pl\/index.php?rest_route=\/wp\/v2\/posts\/2573","targetHints":{"allow":["GET"]}}],"collection":[{"href":"https:\/\/solidarnosctvp.pl\/index.php?rest_route=\/wp\/v2\/posts"}],"about":[{"href":"https:\/\/solidarnosctvp.pl\/index.php?rest_route=\/wp\/v2\/types\/post"}],"author":[{"embeddable":true,"href":"https:\/\/solidarnosctvp.pl\/index.php?rest_route=\/wp\/v2\/users\/4"}],"replies":[{"embeddable":true,"href":"https:\/\/solidarnosctvp.pl\/index.php?rest_route=%2Fwp%2Fv2%2Fcomments&post=2573"}],"version-history":[{"count":9,"href":"https:\/\/solidarnosctvp.pl\/index.php?rest_route=\/wp\/v2\/posts\/2573\/revisions"}],"predecessor-version":[{"id":2610,"href":"https:\/\/solidarnosctvp.pl\/index.php?rest_route=\/wp\/v2\/posts\/2573\/revisions\/2610"}],"wp:featuredmedia":[{"embeddable":true,"href":"https:\/\/solidarnosctvp.pl\/index.php?rest_route=\/wp\/v2\/media\/2580"}],"wp:attachment":[{"href":"https:\/\/solidarnosctvp.pl\/index.php?rest_route=%2Fwp%2Fv2%2Fmedia&parent=2573"}],"wp:term":[{"taxonomy":"category","embeddable":true,"href":"https:\/\/solidarnosctvp.pl\/index.php?rest_route=%2Fwp%2Fv2%2Fcategories&post=2573"},{"taxonomy":"post_tag","embeddable":true,"href":"https:\/\/solidarnosctvp.pl\/index.php?rest_route=%2Fwp%2Fv2%2Ftags&post=2573"}],"curies":[{"name":"wp","href":"https:\/\/api.w.org\/{rel}","templated":true}]}}