{"id":2504,"date":"2026-01-26T14:50:12","date_gmt":"2026-01-26T13:50:12","guid":{"rendered":"https:\/\/solidarnosctvp.pl\/?p=2504"},"modified":"2026-01-26T14:53:41","modified_gmt":"2026-01-26T13:53:41","slug":"2504","status":"publish","type":"post","link":"https:\/\/solidarnosctvp.pl\/?p=2504","title":{"rendered":"1,5 % OD SERCA"},"content":{"rendered":"\n<figure class=\"wp-block-image size-full\"><img loading=\"lazy\" decoding=\"async\" width=\"972\" height=\"347\" src=\"https:\/\/solidarnosctvp.pl\/wp-content\/uploads\/2025\/02\/image-41.png\" alt=\"\" class=\"wp-image-2526\" srcset=\"https:\/\/solidarnosctvp.pl\/wp-content\/uploads\/2025\/02\/image-41.png 972w, https:\/\/solidarnosctvp.pl\/wp-content\/uploads\/2025\/02\/image-41-300x107.png 300w, https:\/\/solidarnosctvp.pl\/wp-content\/uploads\/2025\/02\/image-41-768x274.png 768w, https:\/\/solidarnosctvp.pl\/wp-content\/uploads\/2025\/02\/image-41-624x223.png 624w\" sizes=\"auto, (max-width: 972px) 100vw, 972px\" \/><\/figure>\n\n\n\n<p>W zwi\u0105zku z okresem rozliczeniowym podatk\u00f3w i mo\u017cliwo\u015bci\u0105<br>przekazania wybranej organizacji (od 2023 roku ju\u017c nie 1 proc, a 1,5 proc. swojego podatku) zwracamy Wasz\u0105 uwag\u0119 na los 3 os\u00f3b, kt\u00f3rym ta pomoc jest bardzo potrzebna.<\/p>\n\n\n\n<p>&#8212;&#8212;&#8212;&#8212;&#8212;&#8212;&#8212;&#8212;&#8212;&#8212;&#8212;&#8212;&#8212;&#8212;&#8212;&#8212;&#8212;&#8212;&#8212;&#8212;&#8212;&#8212;&#8212;&#8212;&#8212;&#8212;&#8212;&#8212;&#8212;&#8212;&#8212;&#8212;&#8212;&#8212;&#8212;-<\/p>\n\n\n\n<p>Osobami potrzebuj\u0105cymi wsparcia s\u0105 mi\u0119dzy innymi <strong>Julia i Oliwia Kiedrowskie<\/strong>, c\u00f3reczki Grzegorza Kiedrowskiego naszego kolegi i cz\u0142onka Komisji Zak\u0142adowej <br><\/p>\n\n\n\n<figure class=\"wp-block-image size-full\"><img loading=\"lazy\" decoding=\"async\" width=\"686\" height=\"582\" src=\"https:\/\/solidarnosctvp.pl\/wp-content\/uploads\/2025\/02\/image-45.png\" alt=\"\" class=\"wp-image-2533\" srcset=\"https:\/\/solidarnosctvp.pl\/wp-content\/uploads\/2025\/02\/image-45.png 686w, https:\/\/solidarnosctvp.pl\/wp-content\/uploads\/2025\/02\/image-45-236x200.png 236w, https:\/\/solidarnosctvp.pl\/wp-content\/uploads\/2025\/02\/image-45-624x529.png 624w\" sizes=\"auto, (max-width: 686px) 100vw, 686px\" \/><\/figure>\n\n\n\n<p><br>Dziewczynki od urodzenia choruj\u0105 na bardzo rzadk\u0105, nieuleczaln\u0105 chorob\u0119 metaboliczn\u0105 o nazwie kwasica glutarowa (aciduria glutarica typ 1). Jej leczenie polega na przestrzeganiu \u015bcis\u0142ej diety niskobia\u0142kowej, cz\u0119stych wizytach kontrolnych w szpitalu (pozostaj\u0105 pod opiek\u0105 lekarzy z Centrum Zdrowia Dziecka), rehabilitacji oraz sta\u0142ym podawaniu odpowiednich lek\u00f3w.<br>Dieta prowadzona nieodpowiednio oraz cz\u0119ste niekontrolowane i nieleczone infekcje mog\u0105 doprowadzi\u0107 do nieodwracalnych zmian w ich organizmach, w tym do uszkodzenia m\u00f3zgu, a w najgorszym przypadku r\u00f3wnie\u017c do \u015bmierci.<br>Podatek otrzymany od Pa\u0144stwa rodzice przeznaczaj\u0105 na drogie produkty i preparaty zwi\u0105zane z diet\u0105 niskobia\u0142kow\u0105, rehabilitacj\u0119, lekarstwa, konsultacje lekarskie oraz inne wydatki zwi\u0105zane z chorob\u0105 c\u00f3rek.<\/p>\n\n\n\n<p><strong>Dziewczynki s\u0105 podopiecznymi Fundacji \u201eZd\u0105\u017cy\u0107 z pomoc\u0105\u201d.<\/strong><br> wsparcia mo\u017cna udziela\u0107 r\u00f3wnie\u017c darowizn\u0105 przekazana elektronicznie<\/p>\n\n\n\n<p><a href=\"https:\/\/dzieciom.pl\/podopieczni\/16069\">https:\/\/dzieciom.pl\/podopieczni\/16069<\/a><\/p>\n\n\n\n<p><a href=\"https:\/\/dzieciom.pl\/podopieczni\/16070\">https:\/\/dzieciom.pl\/podopieczni\/16070<\/a><br><br><em><strong>W formularzu PIT nale\u017cy wpisa\u0107 <\/strong><\/em><br><em>numer:  KRS 0000037904<\/em><\/p>\n\n\n\n<p><em>W rubryce \u201eInformacje uzupe\u0142niaj\u0105ce &#8211; cel szczeg\u00f3\u0142owy 1,5 %\u201d:<\/em><br>&#8211; 16069 Kiedrowska Oliwia<br>\u2013 16070 Kiedrowska Julia,<\/p>\n\n\n\n<p><em>oraz trzeba zaznaczy\u0107 pola \u201eWyra\u017cam zgod\u0119\u201d.<\/em><\/p>\n\n\n\n<p><br>&#8212;&#8212;&#8212;&#8212;&#8212;&#8212;&#8212;&#8212;&#8212;&#8212;&#8212;&#8212;&#8212;&#8212;&#8212;&#8212;&#8212;&#8212;&#8212;&#8212;&#8212;&#8212;&#8212;&#8212;&#8212;&#8212;&#8212;&#8212;&#8212;&#8212;&#8212;&#8212;&#8212;&#8212;&#8212;&#8212;&#8212;&#8212;&#8211;<\/p>\n\n\n\n<p><br><strong>Przypominamy te\u017c o naszym koledze<\/strong>&#8211;<br><strong>ROBERT PIROSZ<\/strong> <strong>kt\u00f3ry po walce o \u017cycie nadal walczy o pe\u0142ny powr\u00f3t do zdrowia. <\/strong>Przypomnijmy, \u017ce Robert wcze\u015bniej sam wielokrotnie by\u0142 i nadal jest zaanga\u017cowany bardzo aktywnie w pomoc dla innych os\u00f3b w potrzebie w tym dla tych walcz\u0105cych o swoje zdrowie i \u017cycie. Od pocz\u0105tku swojej choroby nie rezygnuje z walki i z pracy.<\/p>\n\n\n\n<figure class=\"wp-block-image size-full\"><img loading=\"lazy\" decoding=\"async\" width=\"480\" height=\"535\" src=\"https:\/\/solidarnosctvp.pl\/wp-content\/uploads\/2025\/02\/image-32.png\" alt=\"\" class=\"wp-image-2505\" srcset=\"https:\/\/solidarnosctvp.pl\/wp-content\/uploads\/2025\/02\/image-32.png 480w, https:\/\/solidarnosctvp.pl\/wp-content\/uploads\/2025\/02\/image-32-179x200.png 179w\" sizes=\"auto, (max-width: 480px) 100vw, 480px\" \/><\/figure>\n\n\n\n<figure class=\"wp-block-image size-full\"><img loading=\"lazy\" decoding=\"async\" width=\"1024\" height=\"781\" src=\"https:\/\/solidarnosctvp.pl\/wp-content\/uploads\/2025\/02\/image-35.png\" alt=\"\" class=\"wp-image-2508\" srcset=\"https:\/\/solidarnosctvp.pl\/wp-content\/uploads\/2025\/02\/image-35.png 1024w, https:\/\/solidarnosctvp.pl\/wp-content\/uploads\/2025\/02\/image-35-262x200.png 262w, https:\/\/solidarnosctvp.pl\/wp-content\/uploads\/2025\/02\/image-35-768x586.png 768w, https:\/\/solidarnosctvp.pl\/wp-content\/uploads\/2025\/02\/image-35-624x476.png 624w\" sizes=\"auto, (max-width: 1024px) 100vw, 1024px\" \/><\/figure>\n\n\n\n<p><br><strong>Robert Pirosz&nbsp;<\/strong>to ojciec trojga dzieci, wieloletni pracownik TVP S.A. i cz\u0142onek naszego zwi\u0105zku. Robert zmaga si\u0119 z chorob\u0105 nowotworow\u0105 i jest w trakcie bardzo kosztownego leczenia z\u0142o\u015bliwego glejaka 4 stopnia. Leczenie przynosi efekty i stan naszego kolegi jest coraz lepszy a choroba jest w odwrocie. Jednak koszty, nadal koniecznej terapii s\u0105 wysokie dlatego wszelka pomoc finansowa, ale te\u017c pomoc w dotarciu do sponsor\u00f3w i nag\u0142o\u015bnienie przypadku Roberta jest dla niego i jego rodziny bezcenna.<br>B\u0105d\u017amy solidarni i wspom\u00f3\u017cmy jego i jego rodzin\u0119 w walce o ich przysz\u0142o\u015b\u0107. Kosztowna terapia, kt\u00f3ra przynosi spektakularn\u0105 popraw\u0119, niestety jeszcze troch\u0119 musi potrwa\u0107 by Robert wyzdrowia\u0142. Tymczasem pozyskanie \u015brodk\u00f3w staje si\u0119 coraz trudniejsze. Tak jak w leczeniu w pomocy, by by\u0142a skuteczna potrzebna jest konsekwencja.<br><\/p>\n\n\n\n<figure class=\"wp-block-image size-full\"><img loading=\"lazy\" decoding=\"async\" width=\"734\" height=\"275\" src=\"https:\/\/solidarnosctvp.pl\/wp-content\/uploads\/2025\/02\/image-46.png\" alt=\"\" class=\"wp-image-2534\" srcset=\"https:\/\/solidarnosctvp.pl\/wp-content\/uploads\/2025\/02\/image-46.png 734w, https:\/\/solidarnosctvp.pl\/wp-content\/uploads\/2025\/02\/image-46-300x112.png 300w, https:\/\/solidarnosctvp.pl\/wp-content\/uploads\/2025\/02\/image-46-624x234.png 624w\" sizes=\"auto, (max-width: 734px) 100vw, 734px\" \/><\/figure>\n\n\n\n<p>&#8212;&#8212;&#8212;&#8212;&#8212;&#8212;&#8212;&#8212;&#8212;&#8212;&#8212;&#8212;&#8212;&#8212;&#8212;&#8212;&#8212;&#8212;&#8212;&#8212;&#8212;&#8212;&#8212;&#8212;&#8212;&#8212;&#8212;&#8212;&#8212;&#8212;&#8212;&#8212;&#8212;&#8212;&#8212;&#8212;&#8212;&#8212;&#8211;<\/p>\n\n\n\n<p><br>Przypadek <strong>AMELKI<\/strong> zarekomendowa\u0142a nasza zas\u0142u\u017cona i wieloletnia cz\u0142onkini <strong>Maria Jesionkiewicz.<\/strong> <strong>&nbsp;<\/strong>Dziewczynka ro\u015bnie a jej stan r\u00f3wnie\u017c wymaga konsekwentnej terapii i rehabilitacji. <\/p>\n\n\n\n<figure class=\"wp-block-image size-full\"><img loading=\"lazy\" decoding=\"async\" width=\"967\" height=\"654\" src=\"https:\/\/solidarnosctvp.pl\/wp-content\/uploads\/2025\/02\/image-43.png\" alt=\"\" class=\"wp-image-2531\" srcset=\"https:\/\/solidarnosctvp.pl\/wp-content\/uploads\/2025\/02\/image-43.png 967w, https:\/\/solidarnosctvp.pl\/wp-content\/uploads\/2025\/02\/image-43-296x200.png 296w, https:\/\/solidarnosctvp.pl\/wp-content\/uploads\/2025\/02\/image-43-768x519.png 768w, https:\/\/solidarnosctvp.pl\/wp-content\/uploads\/2025\/02\/image-43-624x422.png 624w\" sizes=\"auto, (max-width: 967px) 100vw, 967px\" \/><\/figure>\n\n\n\n<figure class=\"wp-block-image size-full\"><img loading=\"lazy\" decoding=\"async\" width=\"989\" height=\"750\" src=\"https:\/\/solidarnosctvp.pl\/wp-content\/uploads\/2025\/02\/image-44.png\" alt=\"\" class=\"wp-image-2532\" srcset=\"https:\/\/solidarnosctvp.pl\/wp-content\/uploads\/2025\/02\/image-44.png 989w, https:\/\/solidarnosctvp.pl\/wp-content\/uploads\/2025\/02\/image-44-264x200.png 264w, https:\/\/solidarnosctvp.pl\/wp-content\/uploads\/2025\/02\/image-44-768x582.png 768w, https:\/\/solidarnosctvp.pl\/wp-content\/uploads\/2025\/02\/image-44-624x473.png 624w\" sizes=\"auto, (max-width: 989px) 100vw, 989px\" \/><\/figure>\n\n\n\n<figure class=\"wp-block-image size-full\"><img loading=\"lazy\" decoding=\"async\" width=\"834\" height=\"763\" src=\"https:\/\/solidarnosctvp.pl\/wp-content\/uploads\/2025\/02\/image-40.png\" alt=\"\" class=\"wp-image-2525\" srcset=\"https:\/\/solidarnosctvp.pl\/wp-content\/uploads\/2025\/02\/image-40.png 834w, https:\/\/solidarnosctvp.pl\/wp-content\/uploads\/2025\/02\/image-40-219x200.png 219w, https:\/\/solidarnosctvp.pl\/wp-content\/uploads\/2025\/02\/image-40-768x703.png 768w, https:\/\/solidarnosctvp.pl\/wp-content\/uploads\/2025\/02\/image-40-624x571.png 624w\" sizes=\"auto, (max-width: 834px) 100vw, 834px\" \/><\/figure>\n\n\n\n<p><br><br><br><br><br><\/p>\n","protected":false},"excerpt":{"rendered":"<p>W zwi\u0105zku z okresem rozliczeniowym podatk\u00f3w i mo\u017cliwo\u015bci\u0105przekazania wybranej organizacji (od 2023 roku ju\u017c nie 1 proc, a 1,5 proc. swojego podatku) zwracamy Wasz\u0105 uwag\u0119 na los 3 os\u00f3b, kt\u00f3rym ta pomoc jest bardzo potrzebna. &#8212;&#8212;&#8212;&#8212;&#8212;&#8212;&#8212;&#8212;&#8212;&#8212;&#8212;&#8212;&#8212;&#8212;&#8212;&#8212;&#8212;&#8212;&#8212;&#8212;&#8212;&#8212;&#8212;&#8212;&#8212;&#8212;&#8212;&#8212;&#8212;&#8212;&#8212;&#8212;&#8212;&#8212;&#8212;- Osobami potrzebuj\u0105cymi wsparcia s\u0105 mi\u0119dzy innymi Julia i Oliwia Kiedrowskie, c\u00f3reczki Grzegorza Kiedrowskiego naszego kolegi i cz\u0142onka Komisji Zak\u0142adowej [&hellip;]<\/p>\n","protected":false},"author":4,"featured_media":2526,"comment_status":"closed","ping_status":"closed","sticky":false,"template":"","format":"standard","meta":{"footnotes":""},"categories":[2,5,6,7],"tags":[],"class_list":["post-2504","post","type-post","status-publish","format-standard","has-post-thumbnail","hentry","category-aktualnosci","category-glowny-news","category-ostatnio-dodane","category-z-ostatniej-chwili"],"_links":{"self":[{"href":"https:\/\/solidarnosctvp.pl\/index.php?rest_route=\/wp\/v2\/posts\/2504","targetHints":{"allow":["GET"]}}],"collection":[{"href":"https:\/\/solidarnosctvp.pl\/index.php?rest_route=\/wp\/v2\/posts"}],"about":[{"href":"https:\/\/solidarnosctvp.pl\/index.php?rest_route=\/wp\/v2\/types\/post"}],"author":[{"embeddable":true,"href":"https:\/\/solidarnosctvp.pl\/index.php?rest_route=\/wp\/v2\/users\/4"}],"replies":[{"embeddable":true,"href":"https:\/\/solidarnosctvp.pl\/index.php?rest_route=%2Fwp%2Fv2%2Fcomments&post=2504"}],"version-history":[{"count":12,"href":"https:\/\/solidarnosctvp.pl\/index.php?rest_route=\/wp\/v2\/posts\/2504\/revisions"}],"predecessor-version":[{"id":3040,"href":"https:\/\/solidarnosctvp.pl\/index.php?rest_route=\/wp\/v2\/posts\/2504\/revisions\/3040"}],"wp:featuredmedia":[{"embeddable":true,"href":"https:\/\/solidarnosctvp.pl\/index.php?rest_route=\/wp\/v2\/media\/2526"}],"wp:attachment":[{"href":"https:\/\/solidarnosctvp.pl\/index.php?rest_route=%2Fwp%2Fv2%2Fmedia&parent=2504"}],"wp:term":[{"taxonomy":"category","embeddable":true,"href":"https:\/\/solidarnosctvp.pl\/index.php?rest_route=%2Fwp%2Fv2%2Fcategories&post=2504"},{"taxonomy":"post_tag","embeddable":true,"href":"https:\/\/solidarnosctvp.pl\/index.php?rest_route=%2Fwp%2Fv2%2Ftags&post=2504"}],"curies":[{"name":"wp","href":"https:\/\/api.w.org\/{rel}","templated":true}]}}