{"id":2419,"date":"2025-01-27T15:11:17","date_gmt":"2025-01-27T14:11:17","guid":{"rendered":"https:\/\/solidarnosctvp.pl\/?p=2419"},"modified":"2025-02-10T10:35:22","modified_gmt":"2025-02-10T09:35:22","slug":"ursula-von-der-leyen-przyjedzie-do-gdanska-7-lutego-solidarnosc-szykuje-protest","status":"publish","type":"post","link":"https:\/\/solidarnosctvp.pl\/?p=2419","title":{"rendered":"Ursula von der Leyen przyjedzie do\u00a0Gda\u0144ska. 7 lutego \u201eSolidarno\u015b\u0107\u201d szykuje protest!"},"content":{"rendered":"\n<figure class=\"wp-block-image size-full\"><img loading=\"lazy\" decoding=\"async\" width=\"750\" height=\"530\" src=\"https:\/\/solidarnosctvp.pl\/wp-content\/uploads\/2025\/01\/image-10.png\" alt=\"\" class=\"wp-image-2420\" srcset=\"https:\/\/solidarnosctvp.pl\/wp-content\/uploads\/2025\/01\/image-10.png 750w, https:\/\/solidarnosctvp.pl\/wp-content\/uploads\/2025\/01\/image-10-283x200.png 283w, https:\/\/solidarnosctvp.pl\/wp-content\/uploads\/2025\/01\/image-10-624x441.png 624w\" sizes=\"auto, (max-width: 750px) 100vw, 750px\" \/><\/figure>\n\n\n\n<p><strong>W\u00a0zwi\u0105zku z\u00a0przyjazdem do\u00a0Gda\u0144ska szefowej Komisji Europejskiej zwi\u0105zkowcy z\u00a0Solidarno\u015bci zamierzaj\u0105 7 lutego demonstrowa\u0107 przeciwko Zielonemu \u0141adowi pod\u00a0Europejskim Centrum Solidarno\u015bci .<\/strong><br>Zwi\u0105zkowcy podkre\u015blaj\u0105, \u017ce\u00a0to\u00a0w\u0142a\u015bnie restrykcyjna polityka klimatyczna jest powodem likwidacji wielu zak\u0142ad\u00f3w i\u00a0miejsc pracy w\u00a0naszym kraju \u2013 w\u00a0szczeg\u00f3lno\u015bci w\u00a0sektorach g\u00f3rnictwa, energetyki, motoryzacji, rolnictwa czy\u00a0hutnictwa.\u00a0<br>Ju\u017c nied\u0142ugo, bo&nbsp;od&nbsp;2027 roku wejd\u0105 w&nbsp;\u017cycie kolejne przepisy w&nbsp;ramach Europejskiego Zielonego \u0141adu. Jednym z&nbsp;nich b\u0119dzie system ETS 2, kt\u00f3ry&nbsp;obejmie gospodarstwa domowe korzystaj\u0105ce z&nbsp;paliw kopalnych, a&nbsp;tak\u017ce transport drogowy.&nbsp;&nbsp;<\/p>\n\n\n\n<p>W&nbsp;sektorze transportu Unia postuluje, by&nbsp;od&nbsp;2035 roku wszystkie nowe samochody osobowe i&nbsp;dostawcze by\u0142y bezemisyjne.&nbsp;&nbsp;<\/p>\n\n\n\n<p>W&nbsp;przypadku budownictwa unijna dyrektywa wskazuje, \u017ce&nbsp;nowe budynki publiczne musz\u0105 by\u0107 zeroemisyjne od&nbsp;2028 roku, a&nbsp;prywatne od&nbsp;2030 roku, co&nbsp;oznacza, \u017ce&nbsp;nie&nbsp;b\u0119d\u0105 mog\u0142y by\u0107 ogrzewane w\u0119glem i&nbsp;gazem.&nbsp;<\/p>\n\n\n\n<p><em>\u017ar\u00f3d\u0142o: Tysol.pl \/ 300gospodarka.pl\u00a0<\/em><br><a href=\"https:\/\/www.solidarnosc.org.pl\/ursula-von-der-leyen-przyjedzie-do-gdanska-solidarnosc-szykuje-protest\/\">Ursula von der Leyen przyjedzie do Gda\u0144ska. 7 lutego \u201eSolidarno\u015b\u0107\u201d szykuje protest! &#8211; Komisja Krajowa NSZZ Solidarno\u015b\u0107<\/a><\/p>\n","protected":false},"excerpt":{"rendered":"<p>W\u00a0zwi\u0105zku z\u00a0przyjazdem do\u00a0Gda\u0144ska szefowej Komisji Europejskiej zwi\u0105zkowcy z\u00a0Solidarno\u015bci zamierzaj\u0105 7 lutego demonstrowa\u0107 przeciwko Zielonemu \u0141adowi pod\u00a0Europejskim Centrum Solidarno\u015bci .Zwi\u0105zkowcy podkre\u015blaj\u0105, \u017ce\u00a0to\u00a0w\u0142a\u015bnie restrykcyjna polityka klimatyczna jest powodem likwidacji wielu zak\u0142ad\u00f3w i\u00a0miejsc pracy w\u00a0naszym kraju \u2013 w\u00a0szczeg\u00f3lno\u015bci w\u00a0sektorach g\u00f3rnictwa, energetyki, motoryzacji, rolnictwa czy\u00a0hutnictwa.\u00a0Ju\u017c nied\u0142ugo, bo&nbsp;od&nbsp;2027 roku wejd\u0105 w&nbsp;\u017cycie kolejne przepisy w&nbsp;ramach Europejskiego Zielonego \u0141adu. Jednym z&nbsp;nich b\u0119dzie [&hellip;]<\/p>\n","protected":false},"author":4,"featured_media":2420,"comment_status":"closed","ping_status":"closed","sticky":false,"template":"","format":"standard","meta":{"footnotes":""},"categories":[2],"tags":[],"class_list":["post-2419","post","type-post","status-publish","format-standard","has-post-thumbnail","hentry","category-aktualnosci"],"_links":{"self":[{"href":"https:\/\/solidarnosctvp.pl\/index.php?rest_route=\/wp\/v2\/posts\/2419","targetHints":{"allow":["GET"]}}],"collection":[{"href":"https:\/\/solidarnosctvp.pl\/index.php?rest_route=\/wp\/v2\/posts"}],"about":[{"href":"https:\/\/solidarnosctvp.pl\/index.php?rest_route=\/wp\/v2\/types\/post"}],"author":[{"embeddable":true,"href":"https:\/\/solidarnosctvp.pl\/index.php?rest_route=\/wp\/v2\/users\/4"}],"replies":[{"embeddable":true,"href":"https:\/\/solidarnosctvp.pl\/index.php?rest_route=%2Fwp%2Fv2%2Fcomments&post=2419"}],"version-history":[{"count":1,"href":"https:\/\/solidarnosctvp.pl\/index.php?rest_route=\/wp\/v2\/posts\/2419\/revisions"}],"predecessor-version":[{"id":2421,"href":"https:\/\/solidarnosctvp.pl\/index.php?rest_route=\/wp\/v2\/posts\/2419\/revisions\/2421"}],"wp:featuredmedia":[{"embeddable":true,"href":"https:\/\/solidarnosctvp.pl\/index.php?rest_route=\/wp\/v2\/media\/2420"}],"wp:attachment":[{"href":"https:\/\/solidarnosctvp.pl\/index.php?rest_route=%2Fwp%2Fv2%2Fmedia&parent=2419"}],"wp:term":[{"taxonomy":"category","embeddable":true,"href":"https:\/\/solidarnosctvp.pl\/index.php?rest_route=%2Fwp%2Fv2%2Fcategories&post=2419"},{"taxonomy":"post_tag","embeddable":true,"href":"https:\/\/solidarnosctvp.pl\/index.php?rest_route=%2Fwp%2Fv2%2Ftags&post=2419"}],"curies":[{"name":"wp","href":"https:\/\/api.w.org\/{rel}","templated":true}]}}