{"id":2387,"date":"2025-01-17T11:44:34","date_gmt":"2025-01-17T10:44:34","guid":{"rendered":"https:\/\/solidarnosctvp.pl\/?p=2387"},"modified":"2025-01-31T12:25:19","modified_gmt":"2025-01-31T11:25:19","slug":"szkolenie-z-zakresu-ustawy-o-sygnalistach","status":"publish","type":"post","link":"https:\/\/solidarnosctvp.pl\/?p=2387","title":{"rendered":"SZKOLENIE &#8211; z zakresu Ustawy o sygnalistach"},"content":{"rendered":"\n<figure class=\"wp-block-image size-full\"><img loading=\"lazy\" decoding=\"async\" width=\"819\" height=\"328\" src=\"https:\/\/solidarnosctvp.pl\/wp-content\/uploads\/2025\/01\/image-8.png\" alt=\"\" class=\"wp-image-2410\" srcset=\"https:\/\/solidarnosctvp.pl\/wp-content\/uploads\/2025\/01\/image-8.png 819w, https:\/\/solidarnosctvp.pl\/wp-content\/uploads\/2025\/01\/image-8-300x120.png 300w, https:\/\/solidarnosctvp.pl\/wp-content\/uploads\/2025\/01\/image-8-768x308.png 768w, https:\/\/solidarnosctvp.pl\/wp-content\/uploads\/2025\/01\/image-8-624x250.png 624w\" sizes=\"auto, (max-width: 819px) 100vw, 819px\" \/><\/figure>\n\n\n\n<p><br>15 stycznia 2025 roku w Warszawie, w siedzibie Telewizji Polskiej na Woronicza odby\u0142o si\u0119 zorganizowane przez KZ NSZZ Solidarno\u015b\u0107 TVP S.A. szkolenie\u00a0z zakresu Ustawy z dnia 14 czerwca 2024 r. o ochronie sygnalist\u00f3w. okre\u015blaj\u0105cej definicje, organy publiczne oraz podmioty prawne zobowi\u0105zane do utworzenia kana\u0142\u00f3w zg\u0142osze\u0144 o naruszeniu przepis\u00f3w Unijnych. <strong>Szkolenie przeprowadzi\u0142a Beata Bondara mediator, pedagog pracy, traumatolog, doradca zawodowy i szkoleniowiec <strong>z Dzia\u0142u Szkole\u0144 <\/strong>NSZZ Solidarno\u015b\u0107 w Regionie Mazowsze.<\/strong><br>W szkoleniu wzi\u0119li udzia\u0142 cz\u0142onkowie Komisji Zak\u0142adowej  NSZZ Solidarno\u015b\u0107 TVP S.A. oraz cz\u0142onkowie Sekretariatu Kultury i \u015arodk\u00f3w Przekazu.<br><\/p>\n\n\n\n<figure class=\"wp-block-gallery has-nested-images columns-default is-cropped wp-block-gallery-1 is-layout-flex wp-block-gallery-is-layout-flex\">\n<figure class=\"wp-block-image size-large\"><img loading=\"lazy\" decoding=\"async\" width=\"1024\" height=\"581\" data-id=\"2412\" src=\"https:\/\/solidarnosctvp.pl\/wp-content\/uploads\/2025\/01\/111111-1024x581.jpg\" alt=\"\" class=\"wp-image-2412\" srcset=\"https:\/\/solidarnosctvp.pl\/wp-content\/uploads\/2025\/01\/111111-1024x581.jpg 1024w, https:\/\/solidarnosctvp.pl\/wp-content\/uploads\/2025\/01\/111111-300x170.jpg 300w, https:\/\/solidarnosctvp.pl\/wp-content\/uploads\/2025\/01\/111111-768x436.jpg 768w, https:\/\/solidarnosctvp.pl\/wp-content\/uploads\/2025\/01\/111111-624x354.jpg 624w, https:\/\/solidarnosctvp.pl\/wp-content\/uploads\/2025\/01\/111111.jpg 1521w\" sizes=\"auto, (max-width: 1024px) 100vw, 1024px\" \/><\/figure>\n<\/figure>\n\n\n\n<p><br>Tematem szkolenia by\u0142a ustawa  o ochronie sygnalist\u00f3w, kt\u00f3rej nadrz\u0119dnym celem  jest\u00a0zapewnienie sygnalistom bezpiecznej drogi przekazywania zg\u0142osze\u0144 o zaobserwowanych naruszeniach prawa. Adresatem ustawy mo\u017ce by\u0107\u00a0ka\u017cda osoba fizyczna prowadz\u0105ca dzia\u0142alno\u015b\u0107 gospodarcz\u0105, ka\u017cda osoba prawna b\u0105d\u017a inna jednostka organizacyjna i ka\u017cdy pracodawca. Sygnalist\u0105 dokonuj\u0105cym zg\u0142oszenia mo\u017ce bowiem by\u0107 ka\u017cda osoba pojawiaj\u0105ca si\u0119 w otoczeniu podmiotu prawnego\u00a0w tzw. kontek\u015bcie zwi\u0105zanym z prac\u0105, a wi\u0119c b\u0119dzie to nie tylko pracownik, zleceniobiorca czy partner B2B, ale na r\u00f3wni &#8211; us\u0142ugodawca, dystrybutor, dostawca i inny partner handlowy, a nawet osoba ubiegaj\u0105ca si\u0119 dopiero o zatrudnienie w danym podmiocie.<br><\/p>\n\n\n\n<figure class=\"wp-block-gallery has-nested-images columns-default is-cropped wp-block-gallery-2 is-layout-flex wp-block-gallery-is-layout-flex\">\n<figure class=\"wp-block-image size-large\"><img loading=\"lazy\" decoding=\"async\" width=\"1024\" height=\"759\" data-id=\"2413\" src=\"https:\/\/solidarnosctvp.pl\/wp-content\/uploads\/2025\/01\/222222-1024x759.jpg\" alt=\"\" class=\"wp-image-2413\" srcset=\"https:\/\/solidarnosctvp.pl\/wp-content\/uploads\/2025\/01\/222222-1024x759.jpg 1024w, https:\/\/solidarnosctvp.pl\/wp-content\/uploads\/2025\/01\/222222-270x200.jpg 270w, https:\/\/solidarnosctvp.pl\/wp-content\/uploads\/2025\/01\/222222-768x569.jpg 768w, https:\/\/solidarnosctvp.pl\/wp-content\/uploads\/2025\/01\/222222-1536x1138.jpg 1536w, https:\/\/solidarnosctvp.pl\/wp-content\/uploads\/2025\/01\/222222-624x462.jpg 624w, https:\/\/solidarnosctvp.pl\/wp-content\/uploads\/2025\/01\/222222.jpg 1545w\" sizes=\"auto, (max-width: 1024px) 100vw, 1024px\" \/><\/figure>\n<\/figure>\n\n\n\n<p>Na szereg podmiot\u00f3w na\u0142o\u017cony zostanie dodatkowy obowi\u0105zek&nbsp;<strong>ustalenia procedury zg\u0142osze\u0144 wewn\u0119trznych i prowadzenia rejestru takich zg\u0142osze\u0144<\/strong>. Podmiot prawny b\u0119dzie musia\u0142 zapewni\u0107 przyjmowanie zg\u0142osze\u0144 od sygnalist\u00f3w co najmniej w formie ustnej i pisemnej, a w tym drugim przypadku &#8211; zar\u00f3wno w wersji papierowej, jak i elektronicznej. Zg\u0142oszenia ustne b\u0119d\u0105 mog\u0142y by\u0107 dokonywane telefonicznie lub za po\u015brednictwem \u015brodk\u00f3w komunikacji elektronicznej. Do nagrania rozmowy telefonicznej b\u0105d\u017a sporz\u0105dzenia jej transkrypcji niezb\u0119dne b\u0119dzie uzyskanie zgody sygnalisty. Z rozmowy nienagrywanej trzeba b\u0119dzie z kolei sporz\u0105dzi\u0107 protok\u00f3\u0142 &#8211; podobnie jak z przebiegu bezpo\u015bredniego spotkania z sygnalist\u0105, je\u015bli zawnioskowa\u0142 o jego przeprowadzenie (chyba \u017ce taka bezpo\u015brednia rozmowa zosta\u0142a nagrana).<br><\/p>\n\n\n\n<p>Jednocze\u015bnie zdj\u0119ta ma zosta\u0107 obawa o skierowane przeciwko niemu potencjalne&nbsp;<strong>dzia\u0142ania odwetowe pracodawcy<\/strong>, a to za spraw\u0105 gro\u017c\u0105cej pracodawcy&nbsp;<strong>odpowiedzialno\u015bci karnej za utrudnianie dokonania zg\u0142oszenia lub za podj\u0119te dzia\u0142ania odwetowe wzgl\u0119dem sygnalisty<\/strong>. Co wi\u0119cej, pracodawca mo\u017ce zosta\u0107 r\u00f3wnie\u017c poci\u0105gni\u0119ty do odpowiedzialno\u015bci odszkodowawczej wzgl\u0119dem osoby zg\u0142aszaj\u0105cej. Ochrona przys\u0142uguj\u0105ca sygnalistom rozci\u0105gni\u0119ta zosta\u0142a ponadto na osoby pomagaj\u0105ce w dokonaniu zg\u0142oszenia oraz osoby powi\u0105zane z sygnalist\u0105 (zar\u00f3wno osoby fizyczne, jak i osoby prawne lub inne jednostki organizacyjne).<br><\/p>\n\n\n\n<figure class=\"wp-block-image size-full\"><img loading=\"lazy\" decoding=\"async\" width=\"985\" height=\"370\" src=\"https:\/\/solidarnosctvp.pl\/wp-content\/uploads\/2025\/01\/image-5.png\" alt=\"\" class=\"wp-image-2394\" srcset=\"https:\/\/solidarnosctvp.pl\/wp-content\/uploads\/2025\/01\/image-5.png 985w, https:\/\/solidarnosctvp.pl\/wp-content\/uploads\/2025\/01\/image-5-300x113.png 300w, https:\/\/solidarnosctvp.pl\/wp-content\/uploads\/2025\/01\/image-5-768x288.png 768w, https:\/\/solidarnosctvp.pl\/wp-content\/uploads\/2025\/01\/image-5-624x234.png 624w\" sizes=\"auto, (max-width: 985px) 100vw, 985px\" \/><\/figure>\n\n\n\n<p><strong>W imieniu cz\u0142onk\u00f3w KZ NSZZ Solidarno\u015b\u0107 TVP S.A. i cz\u0142onk\u00f3w Sekretariatu Kultury i \u015arodk\u00f3w Przekazu, kt\u00f3rzy wzi\u0119li udzia\u0142 w szkoleniu \u00a0z zakresu Ustawy z dnia 14 czerwca 2024 r. o ochronie sygnalist\u00f3w, \u00a0serdecznie dzi\u0119kuj\u0119 Przewodnicz\u0105cemu Dariuszowi Paczuskiemu i ca\u0142emu dzia\u0142owi szkole\u0144 NSZZ Solidarno\u015b\u0107 Region Mazowsze a szczeg\u00f3lnie prowadz\u0105cej szkolenie kole\u017cance Beacie Bondarze za umo\u017cliwienie, zorganizowanie i przeprowadzenie szkolenia.<\/strong><\/p>\n\n\n\n<p><\/p>\n","protected":false},"excerpt":{"rendered":"<p>15 stycznia 2025 roku w Warszawie, w siedzibie Telewizji Polskiej na Woronicza odby\u0142o si\u0119 zorganizowane przez KZ NSZZ Solidarno\u015b\u0107 TVP S.A. szkolenie\u00a0z zakresu Ustawy z dnia 14 czerwca 2024 r. o ochronie sygnalist\u00f3w. okre\u015blaj\u0105cej definicje, organy publiczne oraz podmioty prawne zobowi\u0105zane do utworzenia kana\u0142\u00f3w zg\u0142osze\u0144 o naruszeniu przepis\u00f3w Unijnych. Szkolenie przeprowadzi\u0142a Beata Bondara mediator, pedagog [&hellip;]<\/p>\n","protected":false},"author":4,"featured_media":2415,"comment_status":"closed","ping_status":"closed","sticky":false,"template":"","format":"standard","meta":{"footnotes":""},"categories":[2,5,1,6,7],"tags":[],"class_list":["post-2387","post","type-post","status-publish","format-standard","has-post-thumbnail","hentry","category-aktualnosci","category-glowny-news","category-bez-kategorii","category-ostatnio-dodane","category-z-ostatniej-chwili"],"_links":{"self":[{"href":"https:\/\/solidarnosctvp.pl\/index.php?rest_route=\/wp\/v2\/posts\/2387","targetHints":{"allow":["GET"]}}],"collection":[{"href":"https:\/\/solidarnosctvp.pl\/index.php?rest_route=\/wp\/v2\/posts"}],"about":[{"href":"https:\/\/solidarnosctvp.pl\/index.php?rest_route=\/wp\/v2\/types\/post"}],"author":[{"embeddable":true,"href":"https:\/\/solidarnosctvp.pl\/index.php?rest_route=\/wp\/v2\/users\/4"}],"replies":[{"embeddable":true,"href":"https:\/\/solidarnosctvp.pl\/index.php?rest_route=%2Fwp%2Fv2%2Fcomments&post=2387"}],"version-history":[{"count":9,"href":"https:\/\/solidarnosctvp.pl\/index.php?rest_route=\/wp\/v2\/posts\/2387\/revisions"}],"predecessor-version":[{"id":2442,"href":"https:\/\/solidarnosctvp.pl\/index.php?rest_route=\/wp\/v2\/posts\/2387\/revisions\/2442"}],"wp:featuredmedia":[{"embeddable":true,"href":"https:\/\/solidarnosctvp.pl\/index.php?rest_route=\/wp\/v2\/media\/2415"}],"wp:attachment":[{"href":"https:\/\/solidarnosctvp.pl\/index.php?rest_route=%2Fwp%2Fv2%2Fmedia&parent=2387"}],"wp:term":[{"taxonomy":"category","embeddable":true,"href":"https:\/\/solidarnosctvp.pl\/index.php?rest_route=%2Fwp%2Fv2%2Fcategories&post=2387"},{"taxonomy":"post_tag","embeddable":true,"href":"https:\/\/solidarnosctvp.pl\/index.php?rest_route=%2Fwp%2Fv2%2Ftags&post=2387"}],"curies":[{"name":"wp","href":"https:\/\/api.w.org\/{rel}","templated":true}]}}