{"id":2223,"date":"2024-10-03T14:21:49","date_gmt":"2024-10-03T12:21:49","guid":{"rendered":"http:\/\/solidarnosctvp.pl\/?p=2223"},"modified":"2024-11-29T13:07:24","modified_gmt":"2024-11-29T12:07:24","slug":"aktualizacja-statutowych-swiadczen-do-25-pazdziernika","status":"publish","type":"post","link":"https:\/\/solidarnosctvp.pl\/?p=2223","title":{"rendered":"Aktualizacja statutowych \u015bwiadcze\u0144 do 25 pa\u017adziernika"},"content":{"rendered":"\n<p>Informujemy cz\u0142onk\u00f3w k\u00f3\u0142 podlegaj\u0105cych <strong>Komisji Oddzia\u0142owej NSZZ Solidarno\u015b\u0107 TVP S.A. w Warszawie<\/strong> ( Zak\u0142ad G\u0142\u00f3wny TVP S.A., TAI)<strong>,<\/strong> \u017ce obecna polisa uprawniaj\u0105ca do zwi\u0119kszonych \u015bwiadcze\u0144 statutowych <strong>wyga\u015bnie z dniem  31.10.2024 r.<\/strong><\/p>\n\n\n\n<p>Aby skorzysta\u0107 z ubezpieczenia typ P Plus i przyst\u0105pi\u0107 do nowej polisy, nale\u017cy wype\u0142ni\u0107 &nbsp;od nowa deklaracj\u0119 przyst\u0105pienia do ubezpieczenia.&nbsp;<br><em>(jak wcze\u015bniej op\u0142acana w ramach p\u0142aconej sk\u0142adki cz\u0142onkowskiej, nie wi\u0105\u017ce si\u0119 z dodatkowymi nak\u0142adami ze strony cz\u0142onka) <\/em><\/p>\n\n\n\n<p><strong>Osoby kt\u00f3re nie z\u0142o\u017c\u0105 nowej deklaracji nie b\u0119d\u0105 mog\u0142y skorzysta\u0107 z podniesionych \u015bwiadcze\u0144 statutowych.<\/strong><\/p>\n\n\n\n<p>Wnioski na zawarcie nowego ubezpieczenia nale\u017cy sk\u0142ada\u0107  w siedzibie zwi\u0105zku najp\u00f3\u017aniej do 25 pa\u017adziernika 2024 roku.<br>Druki wniosku mo\u017cna otrzyma\u0107 mailowo od przewodnicz\u0105cych k\u00f3\u0142, kt\u00f3rzy otrzymaj\u0105 go w poczcie na skrzynki s\u0142u\u017cbowe.<\/p>\n\n\n\n<figure class=\"wp-block-image\"><img loading=\"lazy\" decoding=\"async\" width=\"777\" height=\"280\" src=\"http:\/\/solidarnosctvp.pl\/wp-content\/uploads\/2024\/10\/image.png\" alt=\"\" class=\"wp-image-2225\" srcset=\"https:\/\/solidarnosctvp.pl\/wp-content\/uploads\/2024\/10\/image.png 777w, https:\/\/solidarnosctvp.pl\/wp-content\/uploads\/2024\/10\/image-300x108.png 300w, https:\/\/solidarnosctvp.pl\/wp-content\/uploads\/2024\/10\/image-768x277.png 768w, https:\/\/solidarnosctvp.pl\/wp-content\/uploads\/2024\/10\/image-624x225.png 624w\" sizes=\"auto, (max-width: 777px) 100vw, 777px\" \/><\/figure>\n","protected":false},"excerpt":{"rendered":"<p>Informujemy cz\u0142onk\u00f3w k\u00f3\u0142 podlegaj\u0105cych Komisji Oddzia\u0142owej NSZZ Solidarno\u015b\u0107 TVP S.A. w Warszawie ( Zak\u0142ad G\u0142\u00f3wny TVP S.A., TAI), \u017ce obecna polisa uprawniaj\u0105ca do zwi\u0119kszonych \u015bwiadcze\u0144 statutowych wyga\u015bnie z dniem 31.10.2024 r. Aby skorzysta\u0107 z ubezpieczenia typ P Plus i przyst\u0105pi\u0107 do nowej polisy, nale\u017cy wype\u0142ni\u0107 &nbsp;od nowa deklaracj\u0119 przyst\u0105pienia do ubezpieczenia.&nbsp;(jak wcze\u015bniej op\u0142acana w ramach [&hellip;]<\/p>\n","protected":false},"author":4,"featured_media":2225,"comment_status":"closed","ping_status":"closed","sticky":false,"template":"","format":"standard","meta":{"footnotes":""},"categories":[2],"tags":[],"class_list":["post-2223","post","type-post","status-publish","format-standard","has-post-thumbnail","hentry","category-aktualnosci"],"_links":{"self":[{"href":"https:\/\/solidarnosctvp.pl\/index.php?rest_route=\/wp\/v2\/posts\/2223","targetHints":{"allow":["GET"]}}],"collection":[{"href":"https:\/\/solidarnosctvp.pl\/index.php?rest_route=\/wp\/v2\/posts"}],"about":[{"href":"https:\/\/solidarnosctvp.pl\/index.php?rest_route=\/wp\/v2\/types\/post"}],"author":[{"embeddable":true,"href":"https:\/\/solidarnosctvp.pl\/index.php?rest_route=\/wp\/v2\/users\/4"}],"replies":[{"embeddable":true,"href":"https:\/\/solidarnosctvp.pl\/index.php?rest_route=%2Fwp%2Fv2%2Fcomments&post=2223"}],"version-history":[{"count":4,"href":"https:\/\/solidarnosctvp.pl\/index.php?rest_route=\/wp\/v2\/posts\/2223\/revisions"}],"predecessor-version":[{"id":2303,"href":"https:\/\/solidarnosctvp.pl\/index.php?rest_route=\/wp\/v2\/posts\/2223\/revisions\/2303"}],"wp:featuredmedia":[{"embeddable":true,"href":"https:\/\/solidarnosctvp.pl\/index.php?rest_route=\/wp\/v2\/media\/2225"}],"wp:attachment":[{"href":"https:\/\/solidarnosctvp.pl\/index.php?rest_route=%2Fwp%2Fv2%2Fmedia&parent=2223"}],"wp:term":[{"taxonomy":"category","embeddable":true,"href":"https:\/\/solidarnosctvp.pl\/index.php?rest_route=%2Fwp%2Fv2%2Fcategories&post=2223"},{"taxonomy":"post_tag","embeddable":true,"href":"https:\/\/solidarnosctvp.pl\/index.php?rest_route=%2Fwp%2Fv2%2Ftags&post=2223"}],"curies":[{"name":"wp","href":"https:\/\/api.w.org\/{rel}","templated":true}]}}