{"id":1972,"date":"2024-06-10T10:58:17","date_gmt":"2024-06-10T08:58:17","guid":{"rendered":"http:\/\/solidarnosctvp.pl\/?p=1972"},"modified":"2024-08-05T09:55:19","modified_gmt":"2024-08-05T07:55:19","slug":"trzecie-postanowienie-sadu-odmawiajace-przekazania-na-wniosek-krritv-do-depozytu-srodkow-naleznych-telewizji-publicznej","status":"publish","type":"post","link":"https:\/\/solidarnosctvp.pl\/?p=1972","title":{"rendered":"TRZECIE POSTANOWIENIE S\u0104DU ODMAWIAJ\u0104CE PRZEKAZANIA, NA WNIOSEK KRRiTV, DO DEPOZYTU \u015aRODK\u00d3W NALE\u017bNYCH TELEWIZJI PUBLICZNEJ"},"content":{"rendered":"\n<p> <br><\/p>\n\n\n\n<figure class=\"wp-block-image\"><img loading=\"lazy\" decoding=\"async\" width=\"769\" height=\"831\" src=\"http:\/\/solidarnosctvp.pl\/wp-content\/uploads\/2024\/06\/image-1.png\" alt=\"\" class=\"wp-image-1973\" srcset=\"https:\/\/solidarnosctvp.pl\/wp-content\/uploads\/2024\/06\/image-1.png 769w, https:\/\/solidarnosctvp.pl\/wp-content\/uploads\/2024\/06\/image-1-185x200.png 185w, https:\/\/solidarnosctvp.pl\/wp-content\/uploads\/2024\/06\/image-1-768x830.png 768w, https:\/\/solidarnosctvp.pl\/wp-content\/uploads\/2024\/06\/image-1-624x674.png 624w\" sizes=\"auto, (max-width: 769px) 100vw, 769px\" \/><\/figure>\n\n\n\n<p>&#8222;Referendarz S\u0105du Rejonowego dla Warszawy-Mokotowa oddali\u0142 wniosek przewodnicz\u0105cego Krajowej Rady Radiofonii i Telewizji o przekazanie \u015brodk\u00f3w abonamentowych nale\u017cnych Telewizji Polskiej do depozytu s\u0105dowego. Przewodnicz\u0105cy KRRiT Maciej \u015awirski wyst\u0105pi\u0142 do s\u0105du o zgod\u0119 na przekazanie do depozytu s\u0105dowego 23,6 mln z\u0142 tytu\u0142em wyp\u0142aty \u015brodk\u00f3w z wp\u0142yw\u00f3w abonamentowych. Referendarz stwierdzi\u0142, \u017ce &#8222;nie zaistnia\u0142y przes\u0142anki uzasadniaj\u0105ce wydanie postanowienia o zezwoleniu na z\u0142o\u017cenie przedmiotu \u015bwiadczenia do depozytu s\u0105dowego&#8221; i odrzuci\u0142 wniosek szefa Krajowej Rady.<strong>W postanowieniu przypomniano, \u017ce w Krajowym Rejestrze S\u0105dowym &#8222;wskazany jest z imienia i nazwiska likwidator, kt\u00f3ry jest uprawniony do samodzielnej reprezentacji tego podmiotu&#8221;. To ju\u017c trzecie postanowienie s\u0105du odmawiaj\u0105ce przekazania do depozytu \u015brodk\u00f3w abonamentowych nale\u017cnych telewizji publicznej.<\/strong>&#8222;<strong><br><\/strong><br>\u017br\u00f3d\u0142o<br><a href=\"https:\/\/press.pl\/tresc\/82108,kolejna-decyzja-sadu-ws_-pieniedzy-z-abonamentu-dla-tvp_-wniosek-Swirskiego-oddalony\">https:\/\/press.pl\/tresc\/82108,kolejna-decyzja-sadu-ws_-pieniedzy-z-abonamentu-dla-tvp_-wniosek-Swirskiego-oddalony<\/a><br><br><strong>EX POST<\/strong><br><strong><em>Przypomnijmy<\/em><\/strong><em>, \u017ce  29 maja 20204 Wojew\u00f3dzki S\u0105d Administracyjny w Warszawie odrzuci\u0142 skarg\u0119 TVP S.A. w likwidacji na uchwa\u0142\u0119 KRRiT nr 40\/2024&#8243;. Moc\u0105 tej uchwa\u0142y KRRiT przesun\u0119\u0142a harmonogram wyp\u0142aty \u015brodk\u00f3w na realizacj\u0119 misji publicznej. <br> Odrzucaj\u0105c skarg\u0119, s\u0119dzia WSA Dorota Dziedzic-Chojnacka dosz\u0142a do wniosku, \u017ce KRRiT nie musi wydawa\u0107 decyzji administracyjnej ws. sposobu zaliczkowego rozdzielania pieni\u0119dzy na realizacj\u0119 misji publicznej &#8211;&nbsp;TVP w&nbsp;likwidacji nie ma wi\u0119c czego zaskar\u017ca\u0107. <br> <\/em><strong><em>Zarazem jednak \u2013 w uzasadnieniu s\u0105d podkre\u015bli\u0142  \u2013 sp\u00f3\u0142ka nie jest bezbronna, bo mo\u017ce w innym trybie z\u0142o\u017cy\u0107 do WSA skarg\u0119 na bezczynno\u015b\u0107 KRRiT, kt\u00f3ra nie przekazuje \u015brodk\u00f3w.&nbsp; <\/em><\/strong><em><br>Tymczasem \u015brodki na kt\u00f3re czekaj\u0105 nie tylko w\u0142adze TVP S.A. ale i jej pracownicy nie wp\u0142ywaj\u0105, stawiaj\u0105c Sp\u00f3\u0142k\u0119 w trudnej sytuacji finansowej  i obni\u017cajej poziom konkurencyjno\u015bci na rynku medialnym.<br>Ostatnim postanowieniem  odmawiaj\u0105ce przyj\u0119cia do depozytu \u015brodk\u00f3w z abonamentu  S\u0105d Rejonowego dla Warszawy Mokotowa po raz trzeci potwierdzi\u0142 bezskuteczno\u015b\u0107 oraz bezzasadno\u015b\u0107 dzia\u0142a\u0144 KRRiTV  a zar\u00f3wno<\/em> argumentacj\u0119  (o trwaj\u0105cym sporze, w kwestii istnienia wierzyciela uprawnionego do uzyskania \u015bwiadczenia oraz kto tego wierzyciela reprezentuje) jak i dzia\u0142ania przewodnicz\u0105cego \u015awirskiego uzna\u0142 za bezpodstawne.<\/p>\n\n\n\n<p>Zdaniem Likwidatora Daniela Gorgosza  wskazuje to na bezprawne dzia\u0142anie przewodnicz\u0105cego KRRiT kt\u00f3rego ocen\u0105  legalno\u015bci  dzia\u0142a\u0144, pod k\u0105tem odpowiedzialno\u015bci karnej, zajmie si\u0119 prokuratura. <br><br><strong>Komisja Zak\u0142adowa NSZZ Solidarno\u015b\u0107 TVP S.A. od pocz\u0105tku monitowa\u0142a  do polityk\u00f3w i instytucji (w tym do KRRiT) by w sporze politycznym i prawnym nie pomija\u0107 zwi\u0105zanych ze sob\u0105 nierozerwalnie dobra sp\u00f3\u0142ki i dobra jej pracownik\u00f3w. Wstrzymywanie \u015brodk\u00f3w nale\u017cnych TVP S.A. by\u0142o najgorszym z mo\u017cliwych dzia\u0142a\u0144 w trwaj\u0105cym sporze i maj\u0105cy przed wszystkim negatywny wp\u0142yw na kondycj\u0119 sp\u00f3\u0142ki oraz sytuacj\u0119 jej pracownik\u00f3w, kt\u00f3ra w pierwszych miesi\u0105cach bie\u017c\u0105cego roku by\u0142a bardzo dramatyczna.<\/strong><\/p>\n","protected":false},"excerpt":{"rendered":"<p>&#8222;Referendarz S\u0105du Rejonowego dla Warszawy-Mokotowa oddali\u0142 wniosek przewodnicz\u0105cego Krajowej Rady Radiofonii i Telewizji o przekazanie \u015brodk\u00f3w abonamentowych nale\u017cnych Telewizji Polskiej do depozytu s\u0105dowego. Przewodnicz\u0105cy KRRiT Maciej \u015awirski wyst\u0105pi\u0142 do s\u0105du o zgod\u0119 na przekazanie do depozytu s\u0105dowego 23,6 mln z\u0142 tytu\u0142em wyp\u0142aty \u015brodk\u00f3w z wp\u0142yw\u00f3w abonamentowych. Referendarz stwierdzi\u0142, \u017ce &#8222;nie zaistnia\u0142y przes\u0142anki uzasadniaj\u0105ce wydanie postanowienia [&hellip;]<\/p>\n","protected":false},"author":4,"featured_media":1996,"comment_status":"closed","ping_status":"closed","sticky":false,"template":"","format":"standard","meta":{"footnotes":""},"categories":[2,1,6,7],"tags":[],"class_list":["post-1972","post","type-post","status-publish","format-standard","has-post-thumbnail","hentry","category-aktualnosci","category-bez-kategorii","category-ostatnio-dodane","category-z-ostatniej-chwili"],"_links":{"self":[{"href":"https:\/\/solidarnosctvp.pl\/index.php?rest_route=\/wp\/v2\/posts\/1972","targetHints":{"allow":["GET"]}}],"collection":[{"href":"https:\/\/solidarnosctvp.pl\/index.php?rest_route=\/wp\/v2\/posts"}],"about":[{"href":"https:\/\/solidarnosctvp.pl\/index.php?rest_route=\/wp\/v2\/types\/post"}],"author":[{"embeddable":true,"href":"https:\/\/solidarnosctvp.pl\/index.php?rest_route=\/wp\/v2\/users\/4"}],"replies":[{"embeddable":true,"href":"https:\/\/solidarnosctvp.pl\/index.php?rest_route=%2Fwp%2Fv2%2Fcomments&post=1972"}],"version-history":[{"count":20,"href":"https:\/\/solidarnosctvp.pl\/index.php?rest_route=\/wp\/v2\/posts\/1972\/revisions"}],"predecessor-version":[{"id":2134,"href":"https:\/\/solidarnosctvp.pl\/index.php?rest_route=\/wp\/v2\/posts\/1972\/revisions\/2134"}],"wp:featuredmedia":[{"embeddable":true,"href":"https:\/\/solidarnosctvp.pl\/index.php?rest_route=\/wp\/v2\/media\/1996"}],"wp:attachment":[{"href":"https:\/\/solidarnosctvp.pl\/index.php?rest_route=%2Fwp%2Fv2%2Fmedia&parent=1972"}],"wp:term":[{"taxonomy":"category","embeddable":true,"href":"https:\/\/solidarnosctvp.pl\/index.php?rest_route=%2Fwp%2Fv2%2Fcategories&post=1972"},{"taxonomy":"post_tag","embeddable":true,"href":"https:\/\/solidarnosctvp.pl\/index.php?rest_route=%2Fwp%2Fv2%2Ftags&post=1972"}],"curies":[{"name":"wp","href":"https:\/\/api.w.org\/{rel}","templated":true}]}}