{"id":1526,"date":"2023-12-29T10:14:42","date_gmt":"2023-12-29T09:14:42","guid":{"rendered":"http:\/\/solidarnosctvp.pl\/?p=1526"},"modified":"2024-02-21T11:58:02","modified_gmt":"2024-02-21T10:58:02","slug":"artykul-na-stronie-regionu-mazowsze-solidarnosc","status":"publish","type":"post","link":"https:\/\/solidarnosctvp.pl\/?p=1526","title":{"rendered":"Artyku\u0142 na stronie tygodnika NSZZ Region Mazowsze &#8222;Solidarno\u015b\u0107&#8221; i w &#8222;Tygodniku Solidarno\u015b\u0107&#8221;"},"content":{"rendered":"\n<figure class=\"wp-block-image\"><img decoding=\"async\" src=\"http:\/\/solidarnosctvp.pl\/wp-content\/uploads\/2024\/01\/image-14-1024x335.png\" alt=\"Obrazek posiada pusty atrybut alt; plik o nazwie image-14-1024x335.png\"\/><\/figure>\n\n\n\n<figure class=\"wp-block-image\"><img loading=\"lazy\" decoding=\"async\" width=\"721\" height=\"790\" src=\"http:\/\/solidarnosctvp.pl\/wp-content\/uploads\/2023\/12\/image-23.png\" alt=\"\" class=\"wp-image-1528\" srcset=\"https:\/\/solidarnosctvp.pl\/wp-content\/uploads\/2023\/12\/image-23.png 721w, https:\/\/solidarnosctvp.pl\/wp-content\/uploads\/2023\/12\/image-23-183x200.png 183w, https:\/\/solidarnosctvp.pl\/wp-content\/uploads\/2023\/12\/image-23-624x684.png 624w\" sizes=\"auto, (max-width: 721px) 100vw, 721px\" \/><\/figure>\n\n\n\n<figure class=\"wp-block-image\"><img loading=\"lazy\" decoding=\"async\" width=\"735\" height=\"869\" src=\"http:\/\/solidarnosctvp.pl\/wp-content\/uploads\/2023\/12\/image-22.png\" alt=\"\" class=\"wp-image-1527\" srcset=\"https:\/\/solidarnosctvp.pl\/wp-content\/uploads\/2023\/12\/image-22.png 735w, https:\/\/solidarnosctvp.pl\/wp-content\/uploads\/2023\/12\/image-22-169x200.png 169w, https:\/\/solidarnosctvp.pl\/wp-content\/uploads\/2023\/12\/image-22-624x738.png 624w\" sizes=\"auto, (max-width: 735px) 100vw, 735px\" \/><\/figure>\n\n\n\n<p><br> na stronie RM Solidarno\u015b\u0107&#8221;<br><a href=\"https:\/\/solidarnosc.mazowsze.pl\/\">NSZZ Solidarno\u015b\u0107 Region Mazowsze \u2013 Portal Regionu Mazowsze \u2013 NSZZ Solidarno\u015b\u0107 Region Mazowsze \u2013 Zwi\u0105zek zawodowy na Mazowszu. (solidarnosc.mazowsze.pl)<\/a> <\/p>\n","protected":false},"excerpt":{"rendered":"<p>na stronie RM Solidarno\u015b\u0107&#8221;NSZZ Solidarno\u015b\u0107 Region Mazowsze \u2013 Portal Regionu Mazowsze \u2013 NSZZ Solidarno\u015b\u0107 Region Mazowsze \u2013 Zwi\u0105zek zawodowy na Mazowszu. (solidarnosc.mazowsze.pl)<\/p>\n","protected":false},"author":4,"featured_media":1536,"comment_status":"closed","ping_status":"closed","sticky":false,"template":"","format":"standard","meta":{"footnotes":""},"categories":[2,5,6,7],"tags":[],"class_list":["post-1526","post","type-post","status-publish","format-standard","has-post-thumbnail","hentry","category-aktualnosci","category-glowny-news","category-ostatnio-dodane","category-z-ostatniej-chwili"],"_links":{"self":[{"href":"https:\/\/solidarnosctvp.pl\/index.php?rest_route=\/wp\/v2\/posts\/1526","targetHints":{"allow":["GET"]}}],"collection":[{"href":"https:\/\/solidarnosctvp.pl\/index.php?rest_route=\/wp\/v2\/posts"}],"about":[{"href":"https:\/\/solidarnosctvp.pl\/index.php?rest_route=\/wp\/v2\/types\/post"}],"author":[{"embeddable":true,"href":"https:\/\/solidarnosctvp.pl\/index.php?rest_route=\/wp\/v2\/users\/4"}],"replies":[{"embeddable":true,"href":"https:\/\/solidarnosctvp.pl\/index.php?rest_route=%2Fwp%2Fv2%2Fcomments&post=1526"}],"version-history":[{"count":9,"href":"https:\/\/solidarnosctvp.pl\/index.php?rest_route=\/wp\/v2\/posts\/1526\/revisions"}],"predecessor-version":[{"id":1730,"href":"https:\/\/solidarnosctvp.pl\/index.php?rest_route=\/wp\/v2\/posts\/1526\/revisions\/1730"}],"wp:featuredmedia":[{"embeddable":true,"href":"https:\/\/solidarnosctvp.pl\/index.php?rest_route=\/wp\/v2\/media\/1536"}],"wp:attachment":[{"href":"https:\/\/solidarnosctvp.pl\/index.php?rest_route=%2Fwp%2Fv2%2Fmedia&parent=1526"}],"wp:term":[{"taxonomy":"category","embeddable":true,"href":"https:\/\/solidarnosctvp.pl\/index.php?rest_route=%2Fwp%2Fv2%2Fcategories&post=1526"},{"taxonomy":"post_tag","embeddable":true,"href":"https:\/\/solidarnosctvp.pl\/index.php?rest_route=%2Fwp%2Fv2%2Ftags&post=1526"}],"curies":[{"name":"wp","href":"https:\/\/api.w.org\/{rel}","templated":true}]}}