{"id":3098,"date":"2026-03-12T13:49:51","date_gmt":"2026-03-12T12:49:51","guid":{"rendered":"https:\/\/solidarnosctvp.pl\/?p=3098"},"modified":"2026-03-12T14:07:27","modified_gmt":"2026-03-12T13:07:27","slug":"komunikat-nszz-solidarnosc-tvp-s-a-zwiazkiem-reprezentatywnym","status":"publish","type":"post","link":"http:\/\/solidarnosctvp.pl\/?p=3098","title":{"rendered":"KOMUNIKAT: NSZZ &#8222;Solidarno\u015b\u0107&#8221; TVP S.A. zwi\u0105zkiem reprezentatywnym."},"content":{"rendered":"\n<p>Zgodnie z informacjami przekazanymi przez pracodawc\u0119, wed\u0142ug stanu na dzie\u0144 31 grudnia 2025 roku, <strong>status  i uprawnienia organizacji reprezentatywnej<\/strong> w\u015br\u00f3d wszystkich organizacji zwi\u0105zkowych dzia\u0142aj\u0105cych w Telewizji Polskiej S.A. w likwidacji uzyska\u0142 jedynie<strong> NSZZ &#8222;Solidarno\u015b\u0107&#8221; TVP S.A.<\/strong><br><\/p>\n\n\n\n<figure class=\"wp-block-image size-full\"><img loading=\"lazy\" decoding=\"async\" width=\"845\" height=\"431\" src=\"https:\/\/solidarnosctvp.pl\/wp-content\/uploads\/2026\/03\/image-15.png\" alt=\"\" class=\"wp-image-3099\" srcset=\"http:\/\/solidarnosctvp.pl\/wp-content\/uploads\/2026\/03\/image-15.png 845w, http:\/\/solidarnosctvp.pl\/wp-content\/uploads\/2026\/03\/image-15-300x153.png 300w, http:\/\/solidarnosctvp.pl\/wp-content\/uploads\/2026\/03\/image-15-768x392.png 768w, http:\/\/solidarnosctvp.pl\/wp-content\/uploads\/2026\/03\/image-15-624x318.png 624w\" sizes=\"auto, (max-width: 845px) 100vw, 845px\" \/><\/figure>\n\n\n\n<p><br>Cz\u0142onkom naszego Zwi\u0105zku gratulujemy.<\/p>\n","protected":false},"excerpt":{"rendered":"<p>Zgodnie z informacjami przekazanymi przez pracodawc\u0119, wed\u0142ug stanu na dzie\u0144 31 grudnia 2025 roku, status i uprawnienia organizacji reprezentatywnej w\u015br\u00f3d wszystkich organizacji zwi\u0105zkowych dzia\u0142aj\u0105cych w Telewizji Polskiej S.A. w likwidacji uzyska\u0142 jedynie NSZZ &#8222;Solidarno\u015b\u0107&#8221; TVP S.A. Cz\u0142onkom naszego Zwi\u0105zku gratulujemy.<\/p>\n","protected":false},"author":4,"featured_media":3101,"comment_status":"closed","ping_status":"closed","sticky":false,"template":"","format":"standard","meta":{"footnotes":""},"categories":[2,5,6,7],"tags":[],"class_list":["post-3098","post","type-post","status-publish","format-standard","has-post-thumbnail","hentry","category-aktualnosci","category-glowny-news","category-ostatnio-dodane","category-z-ostatniej-chwili"],"_links":{"self":[{"href":"http:\/\/solidarnosctvp.pl\/index.php?rest_route=\/wp\/v2\/posts\/3098","targetHints":{"allow":["GET"]}}],"collection":[{"href":"http:\/\/solidarnosctvp.pl\/index.php?rest_route=\/wp\/v2\/posts"}],"about":[{"href":"http:\/\/solidarnosctvp.pl\/index.php?rest_route=\/wp\/v2\/types\/post"}],"author":[{"embeddable":true,"href":"http:\/\/solidarnosctvp.pl\/index.php?rest_route=\/wp\/v2\/users\/4"}],"replies":[{"embeddable":true,"href":"http:\/\/solidarnosctvp.pl\/index.php?rest_route=%2Fwp%2Fv2%2Fcomments&post=3098"}],"version-history":[{"count":3,"href":"http:\/\/solidarnosctvp.pl\/index.php?rest_route=\/wp\/v2\/posts\/3098\/revisions"}],"predecessor-version":[{"id":3104,"href":"http:\/\/solidarnosctvp.pl\/index.php?rest_route=\/wp\/v2\/posts\/3098\/revisions\/3104"}],"wp:featuredmedia":[{"embeddable":true,"href":"http:\/\/solidarnosctvp.pl\/index.php?rest_route=\/wp\/v2\/media\/3101"}],"wp:attachment":[{"href":"http:\/\/solidarnosctvp.pl\/index.php?rest_route=%2Fwp%2Fv2%2Fmedia&parent=3098"}],"wp:term":[{"taxonomy":"category","embeddable":true,"href":"http:\/\/solidarnosctvp.pl\/index.php?rest_route=%2Fwp%2Fv2%2Fcategories&post=3098"},{"taxonomy":"post_tag","embeddable":true,"href":"http:\/\/solidarnosctvp.pl\/index.php?rest_route=%2Fwp%2Fv2%2Ftags&post=3098"}],"curies":[{"name":"wp","href":"https:\/\/api.w.org\/{rel}","templated":true}]}}