{"id":2936,"date":"2025-12-11T09:36:14","date_gmt":"2025-12-11T08:36:14","guid":{"rendered":"https:\/\/solidarnosctvp.pl\/?p=2936"},"modified":"2026-01-09T11:50:37","modified_gmt":"2026-01-09T10:50:37","slug":"dodatek-swiateczny","status":"publish","type":"post","link":"http:\/\/solidarnosctvp.pl\/?p=2936","title":{"rendered":"Dodatek \u015bwi\u0105teczny"},"content":{"rendered":"\n<figure class=\"wp-block-image size-full\"><img loading=\"lazy\" decoding=\"async\" width=\"980\" height=\"283\" src=\"https:\/\/solidarnosctvp.pl\/wp-content\/uploads\/2025\/12\/image-4.png\" alt=\"\" class=\"wp-image-2939\" srcset=\"http:\/\/solidarnosctvp.pl\/wp-content\/uploads\/2025\/12\/image-4.png 980w, http:\/\/solidarnosctvp.pl\/wp-content\/uploads\/2025\/12\/image-4-300x87.png 300w, http:\/\/solidarnosctvp.pl\/wp-content\/uploads\/2025\/12\/image-4-768x222.png 768w, http:\/\/solidarnosctvp.pl\/wp-content\/uploads\/2025\/12\/image-4-624x180.png 624w\" sizes=\"auto, (max-width: 980px) 100vw, 980px\" \/><\/figure>\n\n\n\n<p><strong>Informujemy, \u017ce Pracodawca przychyli\u0142 si\u0119 do naszego wniosku o przyznanie pracownikom dodatku \u015bwi\u0105tecznego z okazji \u015bwi\u0105t Bo\u017cego Narodzenia. Zasady przyznania \u015bwiadczenia zamie\u015bci\u0142 na stronie Sp\u00f3\u0142ki:<\/strong><\/p>\n\n\n\n<p><br><a>\u00a0<strong>10 grudnia 2025<\/strong><\/a><\/p>\n\n\n\n<p>Informujemy, \u017ce decyzj\u0105 w\u0142adz Sp\u00f3\u0142ki wszyscy pracownicy TVP otrzymaj\u0105 przed \u015awi\u0119tami Bo\u017cego Narodzenia jednorazowy dodatek pieni\u0119\u017cny w wysoko\u015bci<strong> 2000 z\u0142 brutto<\/strong>. Maj\u0105c na uwadze zwi\u0119kszone wydatki w okresie przed\u015bwi\u0105tecznym oraz postulaty zak\u0142adowych organizacji zwi\u0105zkowych przyznana w tym roku kwota jest wy\u017csza od dotychczasowych, pomimo trudnej sytuacji finansowej Sp\u00f3\u0142ki.<\/p>\n\n\n\n<p>Dodatek zostanie wyp\u0142acony <strong>18 grudnia 2025 r<\/strong>.<\/p>\n\n\n\n<p>Przys\u0142uguje on pracownikom zatrudnionym w Telewizji Polskiej S.A. w likwidacji na&nbsp;dzie\u0144 10 grudnia 2025 r., pozostaj\u0105cym w stosunku pracy z wy\u0142\u0105czeniem:<\/p>\n\n\n\n<ul class=\"wp-block-list\">\n<li>pracownik\u00f3w przebywaj\u0105cych w dniu 10 grudnia 2025 r. na urlopach wychowawczych,<\/li>\n\n\n\n<li>pracownik\u00f3w korzystaj\u0105cych w dniu 10 grudnia 2025 r. ze \u015bwiadczenia rehabilitacyjnego,<\/li>\n\n\n\n<li>pracownik\u00f3w przebywaj\u0105cych w dniu 10 grudnia 2025 r. na urlopach bezp\u0142atnych d\u0142u\u017cszych ni\u017c 30 dni,<\/li>\n\n\n\n<li>pracownik\u00f3w, z kt\u00f3rymi zostanie rozwi\u0105zana umowa o prac\u0119 od dnia 10 grudnia 2025 r. w trybie wypowiedzenia dokonanego przez jedn\u0105 ze stron lub bez wypowiedzenia z winy pracownika.<\/li>\n<\/ul>\n\n\n\n<p>Wysoko\u015b\u0107 dodatku dla ka\u017cdego pracownika jest ustalana proporcjonalnie do wymiaru etatu, na kt\u00f3rym jest zatrudniony.<\/p>\n\n\n\n<figure class=\"wp-block-image size-full\"><img loading=\"lazy\" decoding=\"async\" width=\"751\" height=\"385\" src=\"https:\/\/solidarnosctvp.pl\/wp-content\/uploads\/2025\/12\/image-5.png\" alt=\"\" class=\"wp-image-2940\" srcset=\"http:\/\/solidarnosctvp.pl\/wp-content\/uploads\/2025\/12\/image-5.png 751w, http:\/\/solidarnosctvp.pl\/wp-content\/uploads\/2025\/12\/image-5-300x154.png 300w, http:\/\/solidarnosctvp.pl\/wp-content\/uploads\/2025\/12\/image-5-624x320.png 624w\" sizes=\"auto, (max-width: 751px) 100vw, 751px\" \/><\/figure>\n\n\n\n<p><\/p>\n","protected":false},"excerpt":{"rendered":"<p>Informujemy, \u017ce Pracodawca przychyli\u0142 si\u0119 do naszego wniosku o przyznanie pracownikom dodatku \u015bwi\u0105tecznego z okazji \u015bwi\u0105t Bo\u017cego Narodzenia. Zasady przyznania \u015bwiadczenia zamie\u015bci\u0142 na stronie Sp\u00f3\u0142ki: \u00a010 grudnia 2025 Informujemy, \u017ce decyzj\u0105 w\u0142adz Sp\u00f3\u0142ki wszyscy pracownicy TVP otrzymaj\u0105 przed \u015awi\u0119tami Bo\u017cego Narodzenia jednorazowy dodatek pieni\u0119\u017cny w wysoko\u015bci 2000 z\u0142 brutto. Maj\u0105c na uwadze zwi\u0119kszone wydatki w [&hellip;]<\/p>\n","protected":false},"author":4,"featured_media":2937,"comment_status":"closed","ping_status":"closed","sticky":false,"template":"","format":"standard","meta":{"footnotes":""},"categories":[2],"tags":[],"class_list":["post-2936","post","type-post","status-publish","format-standard","has-post-thumbnail","hentry","category-aktualnosci"],"_links":{"self":[{"href":"http:\/\/solidarnosctvp.pl\/index.php?rest_route=\/wp\/v2\/posts\/2936","targetHints":{"allow":["GET"]}}],"collection":[{"href":"http:\/\/solidarnosctvp.pl\/index.php?rest_route=\/wp\/v2\/posts"}],"about":[{"href":"http:\/\/solidarnosctvp.pl\/index.php?rest_route=\/wp\/v2\/types\/post"}],"author":[{"embeddable":true,"href":"http:\/\/solidarnosctvp.pl\/index.php?rest_route=\/wp\/v2\/users\/4"}],"replies":[{"embeddable":true,"href":"http:\/\/solidarnosctvp.pl\/index.php?rest_route=%2Fwp%2Fv2%2Fcomments&post=2936"}],"version-history":[{"count":2,"href":"http:\/\/solidarnosctvp.pl\/index.php?rest_route=\/wp\/v2\/posts\/2936\/revisions"}],"predecessor-version":[{"id":2942,"href":"http:\/\/solidarnosctvp.pl\/index.php?rest_route=\/wp\/v2\/posts\/2936\/revisions\/2942"}],"wp:featuredmedia":[{"embeddable":true,"href":"http:\/\/solidarnosctvp.pl\/index.php?rest_route=\/wp\/v2\/media\/2937"}],"wp:attachment":[{"href":"http:\/\/solidarnosctvp.pl\/index.php?rest_route=%2Fwp%2Fv2%2Fmedia&parent=2936"}],"wp:term":[{"taxonomy":"category","embeddable":true,"href":"http:\/\/solidarnosctvp.pl\/index.php?rest_route=%2Fwp%2Fv2%2Fcategories&post=2936"},{"taxonomy":"post_tag","embeddable":true,"href":"http:\/\/solidarnosctvp.pl\/index.php?rest_route=%2Fwp%2Fv2%2Ftags&post=2936"}],"curies":[{"name":"wp","href":"https:\/\/api.w.org\/{rel}","templated":true}]}}