{"id":2678,"date":"2025-06-05T09:41:29","date_gmt":"2025-06-05T07:41:29","guid":{"rendered":"https:\/\/solidarnosctvp.pl\/?p=2678"},"modified":"2025-06-05T12:23:01","modified_gmt":"2025-06-05T10:23:01","slug":"o-czym-szumia-media-tvp-po-wyborach-prezydenckich-rozmowy-w-sprawie-ligii-mistrzow-ofiara-sporu-politycznego","status":"publish","type":"post","link":"http:\/\/solidarnosctvp.pl\/?p=2678","title":{"rendered":"O CZYM SZUMI\u0104 MEDIA: TVP  po wyborach prezydenckich &#8211; Czy TVP wyjdzie ze stanu likwidacji? Czy zakup praw do &#8222;Ligii Mistrz\u00f3w&#8221; b\u0119dzie ofiar\u0105 w sporze politycznym?"},"content":{"rendered":"\n<p><strong>Co dalej z finansowaniem TVP? <\/strong><br>Jak podaje Sport.pl, TVP wstrzyma\u0142o rozmowy z C+ w sprawie Ligi Mistrz\u00f3w. Ma to zwi\u0105zek z wynikiem wybor\u00f3w prezydenckich. To efekt do\u015b\u0107 skomplikowanej gry politycznej.<br>Jak pisze sport.pl, w\u0142adze <strong>TVP<\/strong> liczy\u0142y, \u017ce w razie zwyci\u0119stwa Rafa\u0142a Trzaskowskiego uda si\u0119 rozwi\u0105za\u0107 problem z <strong>Krajow\u0105 Rad\u0105 Radiofonii <\/strong>i <strong>Telewizji, Rad\u0105 Medi\u00f3w Narodowych<\/strong> i finansowaniem medi\u00f3w publicznych, kt\u00f3re w wielu przypadkach jest wstrzymane, czy warunkowane lub op\u00f3\u017aniane, a sprawy o wp\u0142acane na depozyty s\u0105dowe przelewy tocz\u0105 si\u0119 w s\u0105dach.\u00a0<br><strong>TVP<\/strong> zn\u00f3w mo\u017ce mie\u0107 wi\u0119c problemy finansowe, a to oznacza, \u017ce w tej chwili nikt nie podpisze drogiego kontraktu na zakup praw do Ligi Mistrz\u00f3w \u2014 czytamy w sport.pl.<\/p>\n\n\n\n<figure class=\"wp-block-image size-full\"><img loading=\"lazy\" decoding=\"async\" width=\"882\" height=\"308\" src=\"https:\/\/solidarnosctvp.pl\/wp-content\/uploads\/2025\/06\/image-5.png\" alt=\"\" class=\"wp-image-2681\" srcset=\"http:\/\/solidarnosctvp.pl\/wp-content\/uploads\/2025\/06\/image-5.png 882w, http:\/\/solidarnosctvp.pl\/wp-content\/uploads\/2025\/06\/image-5-300x105.png 300w, http:\/\/solidarnosctvp.pl\/wp-content\/uploads\/2025\/06\/image-5-768x268.png 768w, http:\/\/solidarnosctvp.pl\/wp-content\/uploads\/2025\/06\/image-5-624x218.png 624w\" sizes=\"auto, (max-width: 882px) 100vw, 882px\" \/><\/figure>\n\n\n\n<p><\/p>\n\n\n\n<ul class=\"wp-block-list\">\n<li><strong>Koniec likwidacji TVP i Polskiego Radia? <\/strong><br>Cho\u0107 <strong>koalicja<\/strong> przegra\u0142a wybory prezydenckie, to ma wi\u0119kszo\u015b\u0107 w <strong>Radzie Medi\u00f3w Narodowych<\/strong>. Dzi\u0119ki niej mo\u017ce wycofa\u0107 si\u0119 z likwidacji <strong>TVP<\/strong> i <strong>Polskiego Radi<\/strong>a, a nast\u0119pnie powo\u0142a\u0107 nowe zarz\u0105dy. Wojciech Kr\u00f3l, przewodnicz\u0105cy informowa\u0142 , \u017ce na razie cz\u0142onkowie gremium zajm\u0105 si\u0119 odwo\u0142aniami.\u00a0<br>Dzi\u0119ki przepisom przyj\u0119tym w 2016 roku przez <strong>PiS<\/strong>, <strong>RMN<\/strong> mo\u017ce powo\u0142a\u0107 zarz\u0105dy <strong>TVP<\/strong>, <strong>Polskiego Radia<\/strong>, <strong>rozg\u0142o\u015bni regionalnych<\/strong> i<strong> Polskiej Agencji Prasowe<\/strong>j. Aby to by\u0142o mo\u017cliwe, wcze\u015bniej minister kultury i dziedzictwa narodowego musi wycofa\u0107 si\u0119 z likwidacji sp\u00f3\u0142ek medi\u00f3w publicznych.<\/li>\n<\/ul>\n\n\n\n<figure class=\"wp-block-image size-full\"><img loading=\"lazy\" decoding=\"async\" width=\"870\" height=\"476\" src=\"https:\/\/solidarnosctvp.pl\/wp-content\/uploads\/2025\/06\/image-4.png\" alt=\"\" class=\"wp-image-2679\" srcset=\"http:\/\/solidarnosctvp.pl\/wp-content\/uploads\/2025\/06\/image-4.png 870w, http:\/\/solidarnosctvp.pl\/wp-content\/uploads\/2025\/06\/image-4-300x164.png 300w, http:\/\/solidarnosctvp.pl\/wp-content\/uploads\/2025\/06\/image-4-768x420.png 768w, http:\/\/solidarnosctvp.pl\/wp-content\/uploads\/2025\/06\/image-4-624x341.png 624w\" sizes=\"auto, (max-width: 870px) 100vw, 870px\" \/><\/figure>\n\n\n\n<p><br><br><strong>Czytaj wi\u0119cej na:&nbsp;<\/strong><br>(\u017ar\u00f3d\u0142o: Onet.pl, Wirtualnemedia.pl)<\/p>\n\n\n\n<p><a href=\"https:\/\/przegladsportowy.onet.pl\/pilka-nozna\/tvp-reaguje-po-wyborach-prezydenckich-kluczowe-rozmowy-wstrzymane\/kpkzk4p\">https:\/\/przegladsportowy.onet.pl\/pilka-nozna\/tvp-reaguje-po-wyborach-prezydenckich-kluczowe-rozmowy-wstrzymane\/kpkzk4p<\/a><br><br><a href=\"https:\/\/www.wirtualnemedia.pl\/artykul\/przewodniczacy-rady-mediow-narodowych-wojciech-krol-zapowiada-posiedzenie-na-ktorym-planowane-sa-odwolania\">https:\/\/www.wirtualnemedia.pl\/artykul\/przewodniczacy-rady-mediow-narodowych-wojciech-krol-zapowiada-posiedzenie-na-ktorym-planowane-sa-odwolania<\/a><\/p>\n\n\n\n<p><\/p>\n","protected":false},"excerpt":{"rendered":"<p>Co dalej z finansowaniem TVP? Jak podaje Sport.pl, TVP wstrzyma\u0142o rozmowy z C+ w sprawie Ligi Mistrz\u00f3w. Ma to zwi\u0105zek z wynikiem wybor\u00f3w prezydenckich. To efekt do\u015b\u0107 skomplikowanej gry politycznej.Jak pisze sport.pl, w\u0142adze TVP liczy\u0142y, \u017ce w razie zwyci\u0119stwa Rafa\u0142a Trzaskowskiego uda si\u0119 rozwi\u0105za\u0107 problem z Krajow\u0105 Rad\u0105 Radiofonii i Telewizji, Rad\u0105 Medi\u00f3w Narodowych i [&hellip;]<\/p>\n","protected":false},"author":4,"featured_media":0,"comment_status":"closed","ping_status":"closed","sticky":false,"template":"","format":"standard","meta":{"footnotes":""},"categories":[2,5,1,6,7],"tags":[],"class_list":["post-2678","post","type-post","status-publish","format-standard","hentry","category-aktualnosci","category-glowny-news","category-bez-kategorii","category-ostatnio-dodane","category-z-ostatniej-chwili"],"_links":{"self":[{"href":"http:\/\/solidarnosctvp.pl\/index.php?rest_route=\/wp\/v2\/posts\/2678","targetHints":{"allow":["GET"]}}],"collection":[{"href":"http:\/\/solidarnosctvp.pl\/index.php?rest_route=\/wp\/v2\/posts"}],"about":[{"href":"http:\/\/solidarnosctvp.pl\/index.php?rest_route=\/wp\/v2\/types\/post"}],"author":[{"embeddable":true,"href":"http:\/\/solidarnosctvp.pl\/index.php?rest_route=\/wp\/v2\/users\/4"}],"replies":[{"embeddable":true,"href":"http:\/\/solidarnosctvp.pl\/index.php?rest_route=%2Fwp%2Fv2%2Fcomments&post=2678"}],"version-history":[{"count":12,"href":"http:\/\/solidarnosctvp.pl\/index.php?rest_route=\/wp\/v2\/posts\/2678\/revisions"}],"predecessor-version":[{"id":2694,"href":"http:\/\/solidarnosctvp.pl\/index.php?rest_route=\/wp\/v2\/posts\/2678\/revisions\/2694"}],"wp:attachment":[{"href":"http:\/\/solidarnosctvp.pl\/index.php?rest_route=%2Fwp%2Fv2%2Fmedia&parent=2678"}],"wp:term":[{"taxonomy":"category","embeddable":true,"href":"http:\/\/solidarnosctvp.pl\/index.php?rest_route=%2Fwp%2Fv2%2Fcategories&post=2678"},{"taxonomy":"post_tag","embeddable":true,"href":"http:\/\/solidarnosctvp.pl\/index.php?rest_route=%2Fwp%2Fv2%2Ftags&post=2678"}],"curies":[{"name":"wp","href":"https:\/\/api.w.org\/{rel}","templated":true}]}}