{"id":1355,"date":"2023-09-18T10:29:46","date_gmt":"2023-09-18T08:29:46","guid":{"rendered":"http:\/\/solidarnosctvp.pl\/?p=1355"},"modified":"2023-10-16T11:44:58","modified_gmt":"2023-10-16T09:44:58","slug":"spala-14-15-wrzesnia-2023-r","status":"publish","type":"post","link":"http:\/\/solidarnosctvp.pl\/?p=1355","title":{"rendered":"SPA\u0141A 14-15 wrze\u015bnia 2023 r."},"content":{"rendered":"\n<p>W dniach 14-15 wrze\u015bnia 2023 roku odby\u0142o si\u0119 wyjazdowe posiedzenie Komisji Zak\u0142adowej NSZZ &#8222;Solidarno\u015b\u0107&#8221; TVP S.A. <br>Spotkanie po\u015bwi\u0119cone by\u0142o om\u00f3wieniu bie\u017c\u0105cej sytuacji Sp\u00f3\u0142ki, jako\u015bci dialogu prowadzonego przez Zarz\u0105d ze Zwi\u0105zkiem oraz dotychczasowy jego przebieg.  Na Posiedzeniu om\u00f3wiono r\u00f3wnie\u017c funkcjonowanie nowych w\u0142adz Zwi\u0105zku i kierunki strategii kolejnych dzia\u0142a\u0144.<br><br> Zosta\u0142 te\u017c zaprezentowany film dotycz\u0105cy naszego kolegi Roberta Pirosza zmagaj\u0105cego si\u0119 z chorob\u0105 nowotworow\u0105, w  walce z kt\u00f3r\u0105 b\u0119dziemy wspiera\u0107 jego i jego rodzin\u0119.<br>(wi\u0119cej informacji &#8211;  <a href=\"http:\/\/solidarnosctvp.pl\/?p=1343\">WSPIERAJMY | TVP Solidarno\u015b\u0107 (solidarnosctvp.pl)<\/a>  )<br><br>Posiedzenie poprzedza\u0142o  szkolenie z wiedzy eksperckiej w zakresie produkt\u00f3w ubezpieczeniowych, kt\u00f3re przeprowadzi\u0142 Robert Wardecki przedstawiciel wsp\u00f3\u0142pracuj\u0105cego ze zwi\u0105zkiem brokera ubezpieczeniowego   Mentor S.A. <br> <strong>PZU <\/strong>by\u0142o<strong> G\u0142\u00f3wnym Sponsorem<\/strong> szkolenia.  <br><\/p>\n\n\n\n<figure class=\"wp-block-image\"><img decoding=\"async\" src=\"https:\/\/th.bing.com\/th\/id\/R.b53448f27004cb8f8080a0df4a5f2eab?rik=Oyx%2bVq0pj%2fVTwQ&amp;riu=http%3a%2f%2fshinego.pl%2fwp-content%2fuploads%2f2019%2f06%2fpzu.jpg&amp;ehk=gRWijjngLI%2bUco67YFG%2bilnneY9EyD1tZHYSpXlg2E8%3d&amp;risl=&amp;pid=ImgRaw&amp;r=0\" alt=\"Producent maszyn do czyszczenia but\u00f3w, wynajem maszyn poleruj\u0105cych buty ...\"\/><\/figure>\n\n\n\n<p><br><br>Wszystkim uczestnikom dzi\u0119kuj\u0119 za udzia\u0142, zaanga\u017cowanie, merytoryczne dyskusje wspania\u0142\u0105 atmosfer\u0119 spotkania.<br><br><\/p>\n\n\n\n<p>Bogdan Wi\u015bniewski<br> <br> <em>Przewodnicz\u0105cy <br> NSZZ \u201dSolidarno\u015b\u0107\u201d TVP S.A.<\/em><br><\/p>\n\n\n\n<figure class=\"wp-block-image\"><img loading=\"lazy\" decoding=\"async\" width=\"1024\" height=\"480\" src=\"http:\/\/solidarnosctvp.pl\/wp-content\/uploads\/2023\/09\/image-1-1024x480.png\" alt=\"\" class=\"wp-image-1356\" srcset=\"http:\/\/solidarnosctvp.pl\/wp-content\/uploads\/2023\/09\/image-1-1024x480.png 1024w, http:\/\/solidarnosctvp.pl\/wp-content\/uploads\/2023\/09\/image-1-300x141.png 300w, http:\/\/solidarnosctvp.pl\/wp-content\/uploads\/2023\/09\/image-1-768x360.png 768w, http:\/\/solidarnosctvp.pl\/wp-content\/uploads\/2023\/09\/image-1-624x292.png 624w, http:\/\/solidarnosctvp.pl\/wp-content\/uploads\/2023\/09\/image-1.png 1485w\" sizes=\"auto, (max-width: 1024px) 100vw, 1024px\" \/><figcaption><br><br><br><br><\/figcaption><\/figure>\n\n\n\n<p><\/p>\n\n\n\n<figure class=\"wp-block-image\"><img loading=\"lazy\" decoding=\"async\" width=\"1024\" height=\"997\" src=\"http:\/\/solidarnosctvp.pl\/wp-content\/uploads\/2023\/09\/image-2-1024x997.png\" alt=\"\" class=\"wp-image-1357\" srcset=\"http:\/\/solidarnosctvp.pl\/wp-content\/uploads\/2023\/09\/image-2-1024x997.png 1024w, http:\/\/solidarnosctvp.pl\/wp-content\/uploads\/2023\/09\/image-2-205x200.png 205w, http:\/\/solidarnosctvp.pl\/wp-content\/uploads\/2023\/09\/image-2-768x748.png 768w, http:\/\/solidarnosctvp.pl\/wp-content\/uploads\/2023\/09\/image-2-624x608.png 624w, http:\/\/solidarnosctvp.pl\/wp-content\/uploads\/2023\/09\/image-2.png 1214w\" sizes=\"auto, (max-width: 1024px) 100vw, 1024px\" \/><\/figure>\n\n\n\n<p><br><br><br><\/p>\n","protected":false},"excerpt":{"rendered":"<p>W dniach 14-15 wrze\u015bnia 2023 roku odby\u0142o si\u0119 wyjazdowe posiedzenie Komisji Zak\u0142adowej NSZZ &#8222;Solidarno\u015b\u0107&#8221; TVP S.A. Spotkanie po\u015bwi\u0119cone by\u0142o om\u00f3wieniu bie\u017c\u0105cej sytuacji Sp\u00f3\u0142ki, jako\u015bci dialogu prowadzonego przez Zarz\u0105d ze Zwi\u0105zkiem oraz dotychczasowy jego przebieg. Na Posiedzeniu om\u00f3wiono r\u00f3wnie\u017c funkcjonowanie nowych w\u0142adz Zwi\u0105zku i kierunki strategii kolejnych dzia\u0142a\u0144. Zosta\u0142 te\u017c zaprezentowany film dotycz\u0105cy naszego kolegi Roberta [&hellip;]<\/p>\n","protected":false},"author":4,"featured_media":1374,"comment_status":"closed","ping_status":"closed","sticky":false,"template":"","format":"standard","meta":{"footnotes":""},"categories":[2,6],"tags":[],"class_list":["post-1355","post","type-post","status-publish","format-standard","has-post-thumbnail","hentry","category-aktualnosci","category-ostatnio-dodane"],"_links":{"self":[{"href":"http:\/\/solidarnosctvp.pl\/index.php?rest_route=\/wp\/v2\/posts\/1355","targetHints":{"allow":["GET"]}}],"collection":[{"href":"http:\/\/solidarnosctvp.pl\/index.php?rest_route=\/wp\/v2\/posts"}],"about":[{"href":"http:\/\/solidarnosctvp.pl\/index.php?rest_route=\/wp\/v2\/types\/post"}],"author":[{"embeddable":true,"href":"http:\/\/solidarnosctvp.pl\/index.php?rest_route=\/wp\/v2\/users\/4"}],"replies":[{"embeddable":true,"href":"http:\/\/solidarnosctvp.pl\/index.php?rest_route=%2Fwp%2Fv2%2Fcomments&post=1355"}],"version-history":[{"count":7,"href":"http:\/\/solidarnosctvp.pl\/index.php?rest_route=\/wp\/v2\/posts\/1355\/revisions"}],"predecessor-version":[{"id":1402,"href":"http:\/\/solidarnosctvp.pl\/index.php?rest_route=\/wp\/v2\/posts\/1355\/revisions\/1402"}],"wp:featuredmedia":[{"embeddable":true,"href":"http:\/\/solidarnosctvp.pl\/index.php?rest_route=\/wp\/v2\/media\/1374"}],"wp:attachment":[{"href":"http:\/\/solidarnosctvp.pl\/index.php?rest_route=%2Fwp%2Fv2%2Fmedia&parent=1355"}],"wp:term":[{"taxonomy":"category","embeddable":true,"href":"http:\/\/solidarnosctvp.pl\/index.php?rest_route=%2Fwp%2Fv2%2Fcategories&post=1355"},{"taxonomy":"post_tag","embeddable":true,"href":"http:\/\/solidarnosctvp.pl\/index.php?rest_route=%2Fwp%2Fv2%2Ftags&post=1355"}],"curies":[{"name":"wp","href":"https:\/\/api.w.org\/{rel}","templated":true}]}}