{"id":1290,"date":"2023-07-03T11:44:49","date_gmt":"2023-07-03T09:44:49","guid":{"rendered":"http:\/\/solidarnosctvp.pl\/?p=1290"},"modified":"2024-02-20T10:50:26","modified_gmt":"2024-02-20T09:50:26","slug":"czlonkowie-komisji-zakladowej-nszz-solidarnosc-tvp-s-a-w-strukturach-nszz-solidarnosc","status":"publish","type":"post","link":"http:\/\/solidarnosctvp.pl\/?p=1290","title":{"rendered":"Cz\u0142onkowie Komisji Zak\u0142adowej NSZZ \u201eSolidarno\u015b\u0107\u201d TVP S.A. \u2013 Bogdan Wi\u015bniewski, Wies\u0142aw Murzyn, Henryk \u0141oposzko, Krzysztof Kila\u0144ski, Rafa\u0142 Biernacki, wybrani do w\u0142adz ponadzak\u0142adowych NSZZ \u201eSolidarno\u015b\u0107\u201d (wi\u0119cej informacji w komunikacie poni\u017cej)."},"content":{"rendered":"","protected":false},"excerpt":{"rendered":"","protected":false},"author":4,"featured_media":0,"comment_status":"closed","ping_status":"closed","sticky":false,"template":"","format":"standard","meta":{"footnotes":""},"categories":[2],"tags":[],"class_list":["post-1290","post","type-post","status-publish","format-standard","hentry","category-aktualnosci"],"_links":{"self":[{"href":"http:\/\/solidarnosctvp.pl\/index.php?rest_route=\/wp\/v2\/posts\/1290","targetHints":{"allow":["GET"]}}],"collection":[{"href":"http:\/\/solidarnosctvp.pl\/index.php?rest_route=\/wp\/v2\/posts"}],"about":[{"href":"http:\/\/solidarnosctvp.pl\/index.php?rest_route=\/wp\/v2\/types\/post"}],"author":[{"embeddable":true,"href":"http:\/\/solidarnosctvp.pl\/index.php?rest_route=\/wp\/v2\/users\/4"}],"replies":[{"embeddable":true,"href":"http:\/\/solidarnosctvp.pl\/index.php?rest_route=%2Fwp%2Fv2%2Fcomments&post=1290"}],"version-history":[{"count":3,"href":"http:\/\/solidarnosctvp.pl\/index.php?rest_route=\/wp\/v2\/posts\/1290\/revisions"}],"predecessor-version":[{"id":1729,"href":"http:\/\/solidarnosctvp.pl\/index.php?rest_route=\/wp\/v2\/posts\/1290\/revisions\/1729"}],"wp:attachment":[{"href":"http:\/\/solidarnosctvp.pl\/index.php?rest_route=%2Fwp%2Fv2%2Fmedia&parent=1290"}],"wp:term":[{"taxonomy":"category","embeddable":true,"href":"http:\/\/solidarnosctvp.pl\/index.php?rest_route=%2Fwp%2Fv2%2Fcategories&post=1290"},{"taxonomy":"post_tag","embeddable":true,"href":"http:\/\/solidarnosctvp.pl\/index.php?rest_route=%2Fwp%2Fv2%2Ftags&post=1290"}],"curies":[{"name":"wp","href":"https:\/\/api.w.org\/{rel}","templated":true}]}}