{"id":1288,"date":"2023-07-03T11:42:50","date_gmt":"2023-07-03T09:42:50","guid":{"rendered":"http:\/\/solidarnosctvp.pl\/?p=1288"},"modified":"2023-07-03T14:55:08","modified_gmt":"2023-07-03T12:55:08","slug":"komunikat-czlonkowie-komisji-zakladowej-nszz-solidarnosc-tvp-s-a-w-strukturach-nszz-solidarnosc","status":"publish","type":"post","link":"http:\/\/solidarnosctvp.pl\/?p=1288","title":{"rendered":"Komunikat &#8211;  Cz\u0142onkowie Komisji Zak\u0142adowej NSZZ \u201eSolidarno\u015b\u0107\u201d TVP S.A. w strukturach NSZZ \u201eSolidarno\u015b\u0107\u201d."},"content":{"rendered":"\n<p style=\"font-size:25px\"><br><strong>KOMUNIKAT <\/strong><br><br><\/p>\n\n\n\n<p>Cz\u0142onkowie Komisji Zak\u0142adowej NSZZ \u201eSolidarno\u015b\u0107\u201d TVP S.A. wybrani do w\u0142adz ponadzak\u0142adowych NSZZ \u201eSolidarno\u015b\u0107\u201d. <br><br><strong><em>Struktury Regionalne:<\/em><\/strong><\/p>\n\n\n\n<p>Walne Zebranie Sprawozdawczo-Wyborcze Delegat\u00f3w Regionu\nMazowsze NSZZ \u201eSolidarno\u015b\u0107\u201d obraduj\u0105ce w Warszawie, w dniach 29-30 czerwca 2023\nr., wybra\u0142o <strong>Kol. Bogdana Wi\u015bniewskiego<\/strong> na Cz\u0142onka Zarz\u0105du\nRegionu Mazowsze NSZZ \u201eSolidarno\u015b\u0107\u201d.<\/p>\n\n\n\n<p>Walne Zebranie Sprawozdawczo-Wyborcze Delegat\u00f3w Regionu\nDolny \u015al\u0105sk NSZZ \u201eSolidarno\u015b\u0107\u201d obraduj\u0105ce we Wroc\u0142awiu&nbsp; w dniu 6-7 czerwca 2023 r. wybra\u0142o <strong>Kol.\nHenryka \u0141oposzko<\/strong> na Cz\u0142onka Zarz\u0105du Regionu Dolny \u015al\u0105sk NSZZ\n\u201eSolidarno\u015b\u0107\u201d.<\/p>\n\n\n\n<p>Walne Zebranie Sprawozdawczo-Wyborcze Delegat\u00f3w Regionu\nZiemia \u0141\u00f3dzka NSZZ \u201eSolidarno\u015b\u0107\u201d obraduj\u0105ce w \u0141odzi w dniu 16 czerwca 2023 r.\nwybra\u0142o <strong>Kol. Krzysztofa Kila\u0144skiego<\/strong> na Cz\u0142onka Zarz\u0105du Regionu\nZiemia \u0141\u00f3dzka NSZZ \u201eSolidarno\u015b\u0107\u201d oraz na Zast\u0119pc\u0119 Przewodnicz\u0105cego Zarz\u0105du\nRegionu Ziemia \u0141\u00f3dzka NSZZ \u201eSolidarno\u015b\u0107\u201d.<\/p>\n\n\n\n<p>Walne Zebranie Sprawozdawczo-Wyborcze Delegat\u00f3w Regionu\nWielkopolska NSZZ \u201eSolidarno\u015b\u0107\u201d obraduj\u0105ce w Poznaniu, w dniach 29-30 czerwca\n2023 r. wybra\u0142o <strong>Kol. Rafa\u0142a Biernackiego<\/strong> na Cz\u0142onka Zarz\u0105du\nRegionu Wielkopolska NSZZ \u201eSolidarno\u015b\u0107\u201d.<\/p>\n\n\n\n<p><strong><em>Struktury\nBran\u017cowe:<\/em><\/strong><\/p>\n\n\n\n<p>Wale Zebranie Sprawozdawczo-Wyborcze Delegat\u00f3w Krajowej\nSekcji Pracownik\u00f3w Radia i Telewizji NSZZ \u201eSolidarno\u015b\u0107\u201d obraduj\u0105ce w Warszawie\nw dniu 26 maja 2023 r. wybra\u0142o <strong>Kol. Wies\u0142aw Murzyna<\/strong> na\nPrzewodnicz\u0105cego Krajowej Sekcji Pracownik\u00f3w Radia i Telewizji <a>NSZZ \u201eSolidarno\u015b\u0107\u201d<\/a>.<\/p>\n\n\n\n<p>Zast\u0119pc\u0105 Przewodnicz\u0105cego Krajowej Sekcji Pracownik\u00f3w\nRadia i Telewizji NSZZ \u201eSolidarno\u015b\u0107\u201d zosta\u0142 wybrany <strong>Kol. Bogdan Wi\u015bniewski.<\/strong><\/p>\n\n\n\n<p>Skarbnikiem Krajowej Sekcji Pracownik\u00f3w Radia i Telewizji\nNSZZ \u201eSolidarno\u015b\u0107\u201d zosta\u0142 wybrany <strong>Kol. Krzysztof Kila\u0144ski.<\/strong><\/p>\n\n\n\n<p>Kongres Sprawozdawczo-Wyborczy Krajowego Sekretariatu\nKultury i \u015arodk\u00f3w Przekazu NSZZ \u201eSolidarno\u015b\u0107\u201d obraduj\u0105cy w Warszawie w dniu 28\nczerwca 2023 r. wybra\u0142 <strong>Kol. Wies\u0142aw Murzyna<\/strong> na\nPrzewodnicz\u0105cego Krajowego Sekretariatu Kultury i \u015arodk\u00f3w Przekazu NSZZ\n\u201eSolidarno\u015b\u0107\u201d.<\/p>\n\n\n\n<p>Cz\u0142onkiem Rady Krajowego Sekretariatu Kultury i \u015arodk\u00f3w Przekazu NSZZ \u201eSolidarno\u015b\u0107\u201d NSZZ \u201eSolidarno\u015b\u0107\u201d zosta\u0142 wybrany <strong>Kol. Bogdan Wi\u015bniewski.<\/strong><br><br><strong>.<\/strong><a href=\"https:\/\/www.solidarnosc.org.pl\/wieslaw-murzyn-po-raz-trzeci-pokieruje-rada-krajowego-sekretariatu-kultury-i-srodkow-przekazu-nszz-s\/\">https:\/\/www.solidarnosc.org.pl\/wieslaw-murzyn-po-raz-trzeci-pokieruje-rada-krajowego-sekretariatu-kultury-i-srodkow-przekazu-nszz-s\/<\/a><\/p>\n","protected":false},"excerpt":{"rendered":"<p>KOMUNIKAT Cz\u0142onkowie Komisji Zak\u0142adowej NSZZ \u201eSolidarno\u015b\u0107\u201d TVP S.A. wybrani do w\u0142adz ponadzak\u0142adowych NSZZ \u201eSolidarno\u015b\u0107\u201d. Struktury Regionalne: Walne Zebranie Sprawozdawczo-Wyborcze Delegat\u00f3w Regionu Mazowsze NSZZ \u201eSolidarno\u015b\u0107\u201d obraduj\u0105ce w Warszawie, w dniach 29-30 czerwca 2023 r., wybra\u0142o Kol. Bogdana Wi\u015bniewskiego na Cz\u0142onka Zarz\u0105du Regionu Mazowsze NSZZ \u201eSolidarno\u015b\u0107\u201d. Walne Zebranie Sprawozdawczo-Wyborcze Delegat\u00f3w Regionu Dolny \u015al\u0105sk NSZZ \u201eSolidarno\u015b\u0107\u201d obraduj\u0105ce we [&hellip;]<\/p>\n","protected":false},"author":4,"featured_media":0,"comment_status":"closed","ping_status":"closed","sticky":false,"template":"","format":"standard","meta":{"footnotes":""},"categories":[2,6],"tags":[],"class_list":["post-1288","post","type-post","status-publish","format-standard","hentry","category-aktualnosci","category-ostatnio-dodane"],"_links":{"self":[{"href":"http:\/\/solidarnosctvp.pl\/index.php?rest_route=\/wp\/v2\/posts\/1288","targetHints":{"allow":["GET"]}}],"collection":[{"href":"http:\/\/solidarnosctvp.pl\/index.php?rest_route=\/wp\/v2\/posts"}],"about":[{"href":"http:\/\/solidarnosctvp.pl\/index.php?rest_route=\/wp\/v2\/types\/post"}],"author":[{"embeddable":true,"href":"http:\/\/solidarnosctvp.pl\/index.php?rest_route=\/wp\/v2\/users\/4"}],"replies":[{"embeddable":true,"href":"http:\/\/solidarnosctvp.pl\/index.php?rest_route=%2Fwp%2Fv2%2Fcomments&post=1288"}],"version-history":[{"count":3,"href":"http:\/\/solidarnosctvp.pl\/index.php?rest_route=\/wp\/v2\/posts\/1288\/revisions"}],"predecessor-version":[{"id":1299,"href":"http:\/\/solidarnosctvp.pl\/index.php?rest_route=\/wp\/v2\/posts\/1288\/revisions\/1299"}],"wp:attachment":[{"href":"http:\/\/solidarnosctvp.pl\/index.php?rest_route=%2Fwp%2Fv2%2Fmedia&parent=1288"}],"wp:term":[{"taxonomy":"category","embeddable":true,"href":"http:\/\/solidarnosctvp.pl\/index.php?rest_route=%2Fwp%2Fv2%2Fcategories&post=1288"},{"taxonomy":"post_tag","embeddable":true,"href":"http:\/\/solidarnosctvp.pl\/index.php?rest_route=%2Fwp%2Fv2%2Ftags&post=1288"}],"curies":[{"name":"wp","href":"https:\/\/api.w.org\/{rel}","templated":true}]}}