{"id":1286,"date":"2023-07-03T10:52:23","date_gmt":"2023-07-03T08:52:23","guid":{"rendered":"http:\/\/solidarnosctvp.pl\/?p=1286"},"modified":"2023-07-03T10:52:23","modified_gmt":"2023-07-03T08:52:23","slug":"spotkanie-przedstawicieli-z-zwiazku-pracodawca-2","status":"publish","type":"post","link":"http:\/\/solidarnosctvp.pl\/?p=1286","title":{"rendered":"SPOTKANIE PRZEDSTAWICIELI Z ZWI\u0104ZKU PRACODAWC\u0104"},"content":{"rendered":"\n<p> W dniu  22 czerwca 2023 r. odby\u0142o si\u0119 spotkanie przedstawicieli naszego zwi\u0105zku reprezentuj\u0105cych pracownik\u00f3w CUP- Wydzia\u0142u zdj\u0119ciowego. Spotkanie dotyczy\u0142o kwestii jak w przypadku CUP- Transmisja rozliczania czasu pracy, kwestii finansowych i rozwi\u0105za\u0144 dotycz\u0105cych prowadzenia pojazd\u00f3w r\u00f3wnie\u017c w kontek\u015bcie rozwi\u0105za\u0144 lub ich braku w oddzia\u0142ach terenowych.<br>W spotkaniu stron\u0119 pracodawcy reprezentowa\u0142a:<br>Dyrektor Biura Zarz\u0105dzania Kapita\u0142em Ludzkim Agnieszka Marciniak,  Dyrektor Centrum Us\u0142ug Produkcyjnych Maja Solecka Zast\u0119pca Dyrektora ds restrukturyzacji Hubert Zamaro z  Biura Kontrolingu i Restrukturyzacji .<br>Stron\u0119 zwi\u0105zkow\u0105 reprezentowali:<br>Przewodnicz\u0105cy komisji Zak\u0142adowej NSZZ \u201eSolidarno\u015b\u0107\u201d TVP S.A. Bogdan Wi\u015bniewski oraz przewodnicz\u0105cy Ko\u0142a nr 13 Kamil Kostrzy\u0144ski wraz ze swoim zast\u0119pc\u0105 \u0141adys\u0142awem Lipkowskim, Jerzym Go\u0142\u0119biewskim oraz Andrzejem Okonieckim reprezentuj\u0105cym Zwi\u0105zek Zawodowy Operator\u00f3w Obrazu i D\u017awi\u0119ku oraz Asystent\u00f3w Operator\u00f3w Obrazu Telewizji Polskiej.<\/p>\n","protected":false},"excerpt":{"rendered":"<p>W dniu 22 czerwca 2023 r. odby\u0142o si\u0119 spotkanie przedstawicieli naszego zwi\u0105zku reprezentuj\u0105cych pracownik\u00f3w CUP- Wydzia\u0142u zdj\u0119ciowego. Spotkanie dotyczy\u0142o kwestii jak w przypadku CUP- Transmisja rozliczania czasu pracy, kwestii finansowych i rozwi\u0105za\u0144 dotycz\u0105cych prowadzenia pojazd\u00f3w r\u00f3wnie\u017c w kontek\u015bcie rozwi\u0105za\u0144 lub ich braku w oddzia\u0142ach terenowych.W spotkaniu stron\u0119 pracodawcy reprezentowa\u0142a:Dyrektor Biura Zarz\u0105dzania Kapita\u0142em Ludzkim Agnieszka Marciniak, [&hellip;]<\/p>\n","protected":false},"author":4,"featured_media":0,"comment_status":"closed","ping_status":"closed","sticky":false,"template":"","format":"standard","meta":{"footnotes":""},"categories":[2],"tags":[],"class_list":["post-1286","post","type-post","status-publish","format-standard","hentry","category-aktualnosci"],"_links":{"self":[{"href":"http:\/\/solidarnosctvp.pl\/index.php?rest_route=\/wp\/v2\/posts\/1286","targetHints":{"allow":["GET"]}}],"collection":[{"href":"http:\/\/solidarnosctvp.pl\/index.php?rest_route=\/wp\/v2\/posts"}],"about":[{"href":"http:\/\/solidarnosctvp.pl\/index.php?rest_route=\/wp\/v2\/types\/post"}],"author":[{"embeddable":true,"href":"http:\/\/solidarnosctvp.pl\/index.php?rest_route=\/wp\/v2\/users\/4"}],"replies":[{"embeddable":true,"href":"http:\/\/solidarnosctvp.pl\/index.php?rest_route=%2Fwp%2Fv2%2Fcomments&post=1286"}],"version-history":[{"count":1,"href":"http:\/\/solidarnosctvp.pl\/index.php?rest_route=\/wp\/v2\/posts\/1286\/revisions"}],"predecessor-version":[{"id":1287,"href":"http:\/\/solidarnosctvp.pl\/index.php?rest_route=\/wp\/v2\/posts\/1286\/revisions\/1287"}],"wp:attachment":[{"href":"http:\/\/solidarnosctvp.pl\/index.php?rest_route=%2Fwp%2Fv2%2Fmedia&parent=1286"}],"wp:term":[{"taxonomy":"category","embeddable":true,"href":"http:\/\/solidarnosctvp.pl\/index.php?rest_route=%2Fwp%2Fv2%2Fcategories&post=1286"},{"taxonomy":"post_tag","embeddable":true,"href":"http:\/\/solidarnosctvp.pl\/index.php?rest_route=%2Fwp%2Fv2%2Ftags&post=1286"}],"curies":[{"name":"wp","href":"https:\/\/api.w.org\/{rel}","templated":true}]}}