{"id":1272,"date":"2023-05-24T15:57:56","date_gmt":"2023-05-24T13:57:56","guid":{"rendered":"http:\/\/solidarnosctvp.pl\/?p=1272"},"modified":"2023-05-24T15:59:31","modified_gmt":"2023-05-24T13:59:31","slug":"spotkanie-przedstawicieli-z-zwiazku-pracodawca","status":"publish","type":"post","link":"http:\/\/solidarnosctvp.pl\/?p=1272","title":{"rendered":"Spotkanie przedstawicieli z zwi\u0105zku pracodawc\u0105"},"content":{"rendered":"\n<p>W dniu dzisiejszym 24 maja 2023 r. odby\u0142o si\u0119 spotkanie przedstawicieli naszego zwi\u0105zku reprezentuj\u0105cych pracownik\u00f3w CUP- Transmisja. Spotkanie dotyczy\u0142o kwestii rozliczania czasu pracy, kwestii finansowych i rozwi\u0105za\u0144 dotycz\u0105cych prowadzenia pojazd\u00f3w r\u00f3wnie\u017c w kontek\u015bcie rozwi\u0105za\u0144 lub ich braku w oddzia\u0142ach terenowych.<br>W spotkaniu stron\u0119 pracodawcy reprezentowa\u0142a:  <br>Dyrektor Biura Zarz\u0105dzania Kapita\u0142em Ludzkim  Agnieszka Marciniak i Jadwiga Sinior z BZKL, Dyrektor Centrum Us\u0142ug Produkcyjnych Maja Solecka.<br>Stron\u0119 zwi\u0105zkow\u0105 reprezentowali: <br>Przewodnicz\u0105cy komisji Zak\u0142adowej NSZZ &#8222;Solidarno\u015b\u0107&#8221; TVP S.A. Bogdan Wi\u015bniewski  oraz przewodnicz\u0105cy Ko\u0142a nr 16 Adam Ryncarz wraz z Tomaszem Go\u0142\u0119biowskim i Marcinem Doma\u0144skim.<br><\/p>\n\n\n\n<p> <br><\/p>\n\n\n\n<p><\/p>\n\n\n\n<p><\/p>\n\n\n\n<p><\/p>\n\n\n\n<p><\/p>\n\n\n\n<p><\/p>\n","protected":false},"excerpt":{"rendered":"<p>W dniu dzisiejszym 24 maja 2023 r. odby\u0142o si\u0119 spotkanie przedstawicieli naszego zwi\u0105zku reprezentuj\u0105cych pracownik\u00f3w CUP- Transmisja. Spotkanie dotyczy\u0142o kwestii rozliczania czasu pracy, kwestii finansowych i rozwi\u0105za\u0144 dotycz\u0105cych prowadzenia pojazd\u00f3w r\u00f3wnie\u017c w kontek\u015bcie rozwi\u0105za\u0144 lub ich braku w oddzia\u0142ach terenowych.W spotkaniu stron\u0119 pracodawcy reprezentowa\u0142a: Dyrektor Biura Zarz\u0105dzania Kapita\u0142em Ludzkim Agnieszka Marciniak i Jadwiga Sinior z [&hellip;]<\/p>\n","protected":false},"author":4,"featured_media":0,"comment_status":"closed","ping_status":"closed","sticky":false,"template":"","format":"standard","meta":{"footnotes":""},"categories":[2],"tags":[],"class_list":["post-1272","post","type-post","status-publish","format-standard","hentry","category-aktualnosci"],"_links":{"self":[{"href":"http:\/\/solidarnosctvp.pl\/index.php?rest_route=\/wp\/v2\/posts\/1272","targetHints":{"allow":["GET"]}}],"collection":[{"href":"http:\/\/solidarnosctvp.pl\/index.php?rest_route=\/wp\/v2\/posts"}],"about":[{"href":"http:\/\/solidarnosctvp.pl\/index.php?rest_route=\/wp\/v2\/types\/post"}],"author":[{"embeddable":true,"href":"http:\/\/solidarnosctvp.pl\/index.php?rest_route=\/wp\/v2\/users\/4"}],"replies":[{"embeddable":true,"href":"http:\/\/solidarnosctvp.pl\/index.php?rest_route=%2Fwp%2Fv2%2Fcomments&post=1272"}],"version-history":[{"count":4,"href":"http:\/\/solidarnosctvp.pl\/index.php?rest_route=\/wp\/v2\/posts\/1272\/revisions"}],"predecessor-version":[{"id":1278,"href":"http:\/\/solidarnosctvp.pl\/index.php?rest_route=\/wp\/v2\/posts\/1272\/revisions\/1278"}],"wp:attachment":[{"href":"http:\/\/solidarnosctvp.pl\/index.php?rest_route=%2Fwp%2Fv2%2Fmedia&parent=1272"}],"wp:term":[{"taxonomy":"category","embeddable":true,"href":"http:\/\/solidarnosctvp.pl\/index.php?rest_route=%2Fwp%2Fv2%2Fcategories&post=1272"},{"taxonomy":"post_tag","embeddable":true,"href":"http:\/\/solidarnosctvp.pl\/index.php?rest_route=%2Fwp%2Fv2%2Ftags&post=1272"}],"curies":[{"name":"wp","href":"https:\/\/api.w.org\/{rel}","templated":true}]}}